{"id":1605,"date":"2009-08-31T00:00:00","date_gmt":"2009-08-31T00:00:00","guid":{"rendered":"http:\/\/b.borusewicz.pl\/index.php\/2009\/08\/31\/rozpoczecie-roku-szkolnego-20092010\/"},"modified":"2016-10-26T12:49:49","modified_gmt":"2016-10-26T12:49:49","slug":"rozpoczecie-roku-szkolnego-20092010","status":"publish","type":"post","link":"http:\/\/b-borusewicz.pl\/index.php\/2009\/08\/31\/rozpoczecie-roku-szkolnego-20092010\/","title":{"rendered":"Rozpocz\u0119cie Roku Szkolnego 2009\/2010."},"content":{"rendered":"<p>W poniedzia\u0142ek 31 sierpnia marsza\u0142ek Senatu RP  Bogdan Borusewicz uczestniczy\u0142 w centralnych uroczysto\u015bciach rozpocz\u0119cia Roku Szkolnego 2009\/2010.<!--more--><\/p>\n<div id=\"Zawartosc\"><img src=\"http:\/\/b.borusewicz.pl\/wp-content\/uploads\/2009\/08\/w_406_medium.jpeg\" border=\"0\" class=\"ikona\"\/><\/p>\n<div class=\"Zajawka\"><\/div>\n<div class=\"Tresc\"> Uroczysto\u015bci odby\u0142y si\u0119 w nowej, pi\u0119knej szkole w Straszynie w gminie Pruszcz Gda\u0144ski. Obecna na uroczysto\u015bci pani minister Katarzyna Hall og\u0142osi\u0142a nowy rok szkolny ?rokiem historii najnowszej?.<\/p>\n<p>Gmina Pruszcz Gda\u0144ski jest gmin\u0105, kt\u00f3ra du\u017co inwestuje w o\u015bwiat\u0119. Pe\u0142ne\u00a0 zaanga\u017cowania wyst\u0105pienie Przewodnicz\u0105cego Rady Gminy pana J\u00f3zefa Witka zosta\u0142o nagrodzone gromkimi brawami.\u00a0 Pani w\u00f3jt\u00a0 Magdalena Ko\u0142odziejczak i pani Dyrektor Szko\u0142y Lubica Z\u0105bkiewicz zosta\u0142y odznaczone przez Ministra Edukacji Narodowej, a marsza\u0142ek Bogdan Borusewicz w towarzystwie Senatora Edmunda Wittbrodta wr\u0119czy\u0142 pami\u0105tkowy album o Senacie RP oraz statuetk\u0119. <\/p><\/div>\n<p><img src=\"http:\/\/b.borusewicz.pl\/wp-content\/uploads\/2009\/08\/w_406_a.jpeg\" border=\"1\" class=\"foto\"\/><img src=\"http:\/\/b.borusewicz.pl\/wp-content\/uploads\/2009\/08\/w_406_b.jpeg\" border=\"1\" class=\"foto\"\/><img src=\"http:\/\/b.borusewicz.pl\/wp-content\/uploads\/2009\/08\/w_406_c.jpeg\" border=\"1\" class=\"foto\"\/><img src=\"http:\/\/b.borusewicz.pl\/wp-content\/uploads\/2009\/08\/w_406_d.jpeg\" border=\"1\" class=\"foto\"\/><img src=\"http:\/\/b.borusewicz.pl\/wp-content\/uploads\/2009\/08\/w_406_e.jpeg\" border=\"1\" class=\"foto\"\/>\n<\/div>\n","protected":false},"excerpt":{"rendered":"<p>W poniedzia\u0142ek 31 sierpnia marsza\u0142ek Senatu RP  Bogdan Borusewicz uczestniczy\u0142 w centralnych uroczysto\u015bciach rozpocz\u0119cia Roku Szkolnego 2009\/2010.<\/p>\n","protected":false},"author":1,"featured_media":2286,"comment_status":"open","ping_status":"open","sticky":false,"template":"","format":"standard","meta":[],"categories":[2,4],"tags":[],"_links":{"self":[{"href":"http:\/\/b-borusewicz.pl\/index.php\/wp-json\/wp\/v2\/posts\/1605"}],"collection":[{"href":"http:\/\/b-borusewicz.pl\/index.php\/wp-json\/wp\/v2\/posts"}],"about":[{"href":"http:\/\/b-borusewicz.pl\/index.php\/wp-json\/wp\/v2\/types\/post"}],"author":[{"embeddable":true,"href":"http:\/\/b-borusewicz.pl\/index.php\/wp-json\/wp\/v2\/users\/1"}],"replies":[{"embeddable":true,"href":"http:\/\/b-borusewicz.pl\/index.php\/wp-json\/wp\/v2\/comments?post=1605"}],"version-history":[{"count":1,"href":"http:\/\/b-borusewicz.pl\/index.php\/wp-json\/wp\/v2\/posts\/1605\/revisions"}],"predecessor-version":[{"id":2292,"href":"http:\/\/b-borusewicz.pl\/index.php\/wp-json\/wp\/v2\/posts\/1605\/revisions\/2292"}],"wp:featuredmedia":[{"embeddable":true,"href":"http:\/\/b-borusewicz.pl\/index.php\/wp-json\/wp\/v2\/media\/2286"}],"wp:attachment":[{"href":"http:\/\/b-borusewicz.pl\/index.php\/wp-json\/wp\/v2\/media?parent=1605"}],"wp:term":[{"taxonomy":"category","embeddable":true,"href":"http:\/\/b-borusewicz.pl\/index.php\/wp-json\/wp\/v2\/categories?post=1605"},{"taxonomy":"post_tag","embeddable":true,"href":"http:\/\/b-borusewicz.pl\/index.php\/wp-json\/wp\/v2\/tags?post=1605"}],"curies":[{"name":"wp","href":"https:\/\/api.w.org\/{rel}","templated":true}]}}