{"id":1594,"date":"2009-05-18T00:00:00","date_gmt":"2009-05-18T00:00:00","guid":{"rendered":"http:\/\/b.borusewicz.pl\/index.php\/2009\/05\/18\/zawieszenie-modelu-gdanskiego-okretu-st-jacob\/"},"modified":"2016-10-26T12:49:38","modified_gmt":"2016-10-26T12:49:38","slug":"zawieszenie-modelu-gdanskiego-okretu-st-jacob","status":"publish","type":"post","link":"http:\/\/b-borusewicz.pl\/index.php\/2009\/05\/18\/zawieszenie-modelu-gdanskiego-okretu-st-jacob\/","title":{"rendered":"Zawieszenie modelu gda\u0144skiego okr\u0119tu ?St Jacob?"},"content":{"rendered":"<p>W dniu 18 maja w Dworze Artusa w Gda\u0144sku odby\u0142a si\u0119 uroczysto\u015b\u0107 zawieszenia modelu gda\u0144skiego okr\u0119tu ?St Jacob?.<br \/>\nOkaza\u0142y model z oko\u0142o 1695 roku po gruntownej renowacji stanowi znacz\u0105ce wzbogacenie kolekcji modeli okr\u0119t\u00f3w w Dworze Artusa.<!--more--><\/p>\n<div id=\"Zawartosc\"><img src=\"http:\/\/b.borusewicz.pl\/wp-content\/uploads\/2009\/05\/w_377_medium.jpeg\" border=\"0\" class=\"ikona\"\/><\/p>\n<div class=\"Zajawka\">W dniu 18 maja w Dworze Artusa w Gda\u0144sku odby\u0142a si\u0119 uroczysto\u015b\u0107 zawieszenia modelu gda\u0144skiego okr\u0119tu ?St Jacob?. <br \/>\nOkaza\u0142y model z oko\u0142o 1695 roku po gruntownej renowacji stanowi znacz\u0105ce wzbogacenie kolekcji modeli okr\u0119t\u00f3w w Dworze Artusa.<\/div>\n<div class=\"Tresc\">Marsza\u0142ek Senatu RP Bogdan Borusewicz wzi\u0105\u0142 udzia\u0142 w tym wydarzeniu, kt\u00f3re by\u0142o poprzedzone bardzo ciekawymi wyst\u0105pieniami  na temat kultu \u015bw. Jakuba, \u015blad\u00f3w \u015bw. Jakuba w Gda\u0144sku, szpitala \u015bw. Jakuba gildii szypr\u00f3w w Gda\u0144sku w latach 1409-1945, dziej\u00f3w kolekcji modeli okr\u0119t\u00f3w w Dworze Artusa oraz na temat rekonstrukcji modeli historycznych okr\u0119t\u00f3w.<\/div>\n<p><img src=\"http:\/\/b.borusewicz.pl\/wp-content\/uploads\/2009\/05\/w_377_a.jpeg\" border=\"1\" class=\"foto\"\/><img src=\"http:\/\/b.borusewicz.pl\/wp-content\/uploads\/2009\/05\/w_377_b.jpeg\" border=\"1\" class=\"foto\"\/><img src=\"http:\/\/b.borusewicz.pl\/wp-content\/uploads\/2009\/05\/w_377_c.jpeg\" border=\"1\" class=\"foto\"\/><img src=\"http:\/\/b.borusewicz.pl\/wp-content\/uploads\/2009\/05\/w_377_d.jpeg\" border=\"1\" class=\"foto\"\/>\n<\/div>\n","protected":false},"excerpt":{"rendered":"<p>W dniu 18 maja w Dworze Artusa w Gda\u0144sku odby\u0142a si\u0119 uroczysto\u015b\u0107 zawieszenia modelu gda\u0144skiego okr\u0119tu ?St Jacob?.<br \/>\nOkaza\u0142y model z oko\u0142o 1695 roku po gruntownej renowacji stanowi znacz\u0105ce wzbogacenie kolekcji modeli okr\u0119t\u00f3w w Dworze Artusa.<\/p>\n","protected":false},"author":1,"featured_media":2238,"comment_status":"open","ping_status":"open","sticky":false,"template":"","format":"standard","meta":[],"categories":[2,4],"tags":[],"_links":{"self":[{"href":"http:\/\/b-borusewicz.pl\/index.php\/wp-json\/wp\/v2\/posts\/1594"}],"collection":[{"href":"http:\/\/b-borusewicz.pl\/index.php\/wp-json\/wp\/v2\/posts"}],"about":[{"href":"http:\/\/b-borusewicz.pl\/index.php\/wp-json\/wp\/v2\/types\/post"}],"author":[{"embeddable":true,"href":"http:\/\/b-borusewicz.pl\/index.php\/wp-json\/wp\/v2\/users\/1"}],"replies":[{"embeddable":true,"href":"http:\/\/b-borusewicz.pl\/index.php\/wp-json\/wp\/v2\/comments?post=1594"}],"version-history":[{"count":1,"href":"http:\/\/b-borusewicz.pl\/index.php\/wp-json\/wp\/v2\/posts\/1594\/revisions"}],"predecessor-version":[{"id":2243,"href":"http:\/\/b-borusewicz.pl\/index.php\/wp-json\/wp\/v2\/posts\/1594\/revisions\/2243"}],"wp:featuredmedia":[{"embeddable":true,"href":"http:\/\/b-borusewicz.pl\/index.php\/wp-json\/wp\/v2\/media\/2238"}],"wp:attachment":[{"href":"http:\/\/b-borusewicz.pl\/index.php\/wp-json\/wp\/v2\/media?parent=1594"}],"wp:term":[{"taxonomy":"category","embeddable":true,"href":"http:\/\/b-borusewicz.pl\/index.php\/wp-json\/wp\/v2\/categories?post=1594"},{"taxonomy":"post_tag","embeddable":true,"href":"http:\/\/b-borusewicz.pl\/index.php\/wp-json\/wp\/v2\/tags?post=1594"}],"curies":[{"name":"wp","href":"https:\/\/api.w.org\/{rel}","templated":true}]}}