{"id":1590,"date":"2009-01-30T00:00:00","date_gmt":"2009-01-30T00:00:00","guid":{"rendered":"http:\/\/b.borusewicz.pl\/index.php\/2009\/01\/30\/obchody-dnia-tczewa\/"},"modified":"2016-10-26T12:49:32","modified_gmt":"2016-10-26T12:49:32","slug":"obchody-dnia-tczewa","status":"publish","type":"post","link":"http:\/\/b-borusewicz.pl\/index.php\/2009\/01\/30\/obchody-dnia-tczewa\/","title":{"rendered":"Obchody ?Dnia Tczewa?"},"content":{"rendered":"<p>30 stycznia 2009 w Tczewskim Centrum Kultury i Sztuki Marsza\u0142ek Senatu RP Bogdan Borusewicz wzi\u0105\u0142 udzia\u0142 w uroczystej sesji z okazji obchod\u00f3w ?Dnia Tczewa?.<!--more--><\/p>\n<div id=\"Zawartosc\"><img src=\"http:\/\/b.borusewicz.pl\/wp-content\/uploads\/2009\/01\/w_343_medium.jpeg\" border=\"0\" class=\"ikona\"\/><\/p>\n<div class=\"Zajawka\"><\/div>\n<div class=\"Tresc\">Samorz\u0105d Tczewa w 2008 roku obchodzi\u0142 swoje 750-lecie i jest najstarszym polskim samorz\u0105dem.<\/p>\n<p>Sesja zosta\u0142a poprzedzona Msz\u0105 \u015bwi\u0119t\u0105 w ko\u015bciele Podwy\u017cszenia Krzy\u017ca \u015awi\u0119tego, kt\u00f3r\u0105 odprawi\u0142 ksi\u0105dz pra\u0142at Piotr Wyzga.<\/p>\n<p>W bogatym programie sesji znalaz\u0142 si\u0119 okoliczno\u015bciowy referat o patrioty\u017cmie, wr\u0119czenie wyr\u00f3\u017cnienia ?Honorowy Obywatel Miasta Tczewa?, nagr\u00f3d i wyr\u00f3\u017cnie\u0144 ?Tczewianina Roku 2008 ? oraz innych lokalnych nagr\u00f3d i medali, w tym nagr\u00f3d dla sportowc\u00f3w i trener\u00f3w.<\/p>\n<p>Sesj\u0119 u\u015bwietni\u0142y wyst\u0119py tczewskich m\u0142odych muzyk\u00f3w.<br \/>\n\u00a0<\/div>\n<p><img src=\"http:\/\/b.borusewicz.pl\/wp-content\/uploads\/2009\/01\/w_343_a.jpeg\" border=\"1\" class=\"foto\"\/><img src=\"http:\/\/b.borusewicz.pl\/wp-content\/uploads\/2009\/01\/w_343_b.jpeg\" border=\"1\" class=\"foto\"\/><img src=\"http:\/\/b.borusewicz.pl\/wp-content\/uploads\/2009\/01\/w_343_c.jpeg\" border=\"1\" class=\"foto\"\/><img src=\"http:\/\/b.borusewicz.pl\/wp-content\/uploads\/2009\/01\/w_343_d.jpeg\" border=\"1\" class=\"foto\"\/>\n<\/div>\n","protected":false},"excerpt":{"rendered":"<p>30 stycznia 2009 w Tczewskim Centrum Kultury i Sztuki Marsza\u0142ek Senatu RP Bogdan Borusewicz wzi\u0105\u0142 udzia\u0142 w uroczystej sesji z okazji obchod\u00f3w ?Dnia Tczewa?.<\/p>\n","protected":false},"author":1,"featured_media":2213,"comment_status":"open","ping_status":"open","sticky":false,"template":"","format":"standard","meta":[],"categories":[2,4],"tags":[],"_links":{"self":[{"href":"http:\/\/b-borusewicz.pl\/index.php\/wp-json\/wp\/v2\/posts\/1590"}],"collection":[{"href":"http:\/\/b-borusewicz.pl\/index.php\/wp-json\/wp\/v2\/posts"}],"about":[{"href":"http:\/\/b-borusewicz.pl\/index.php\/wp-json\/wp\/v2\/types\/post"}],"author":[{"embeddable":true,"href":"http:\/\/b-borusewicz.pl\/index.php\/wp-json\/wp\/v2\/users\/1"}],"replies":[{"embeddable":true,"href":"http:\/\/b-borusewicz.pl\/index.php\/wp-json\/wp\/v2\/comments?post=1590"}],"version-history":[{"count":1,"href":"http:\/\/b-borusewicz.pl\/index.php\/wp-json\/wp\/v2\/posts\/1590\/revisions"}],"predecessor-version":[{"id":2218,"href":"http:\/\/b-borusewicz.pl\/index.php\/wp-json\/wp\/v2\/posts\/1590\/revisions\/2218"}],"wp:featuredmedia":[{"embeddable":true,"href":"http:\/\/b-borusewicz.pl\/index.php\/wp-json\/wp\/v2\/media\/2213"}],"wp:attachment":[{"href":"http:\/\/b-borusewicz.pl\/index.php\/wp-json\/wp\/v2\/media?parent=1590"}],"wp:term":[{"taxonomy":"category","embeddable":true,"href":"http:\/\/b-borusewicz.pl\/index.php\/wp-json\/wp\/v2\/categories?post=1590"},{"taxonomy":"post_tag","embeddable":true,"href":"http:\/\/b-borusewicz.pl\/index.php\/wp-json\/wp\/v2\/tags?post=1590"}],"curies":[{"name":"wp","href":"https:\/\/api.w.org\/{rel}","templated":true}]}}