{"id":1589,"date":"2009-01-12T00:00:00","date_gmt":"2009-01-12T00:00:00","guid":{"rendered":"http:\/\/b.borusewicz.pl\/index.php\/2009\/01\/12\/nadanie-imienia-aliny-pienkowskiej-zespolowi-szkol-policealnych-w-gdyni\/"},"modified":"2016-10-26T12:49:30","modified_gmt":"2016-10-26T12:49:30","slug":"nadanie-imienia-aliny-pienkowskiej-zespolowi-szkol-policealnych-w-gdyni","status":"publish","type":"post","link":"http:\/\/b-borusewicz.pl\/index.php\/2009\/01\/12\/nadanie-imienia-aliny-pienkowskiej-zespolowi-szkol-policealnych-w-gdyni\/","title":{"rendered":"Nadanie imienia Aliny Pienkowskiej Zespo\u0142owi Szk\u00f3\u0142 Policealnych w Gdyni."},"content":{"rendered":"<p>W dniu 12 stycznia 2009 roku w Zespole Szk\u00f3\u0142 Policealnych w Gdyni odby\u0142a si\u0119 uroczyste nadanie imienia Aliny Pienkowskiej.<!--more--><\/p>\n<div id=\"Zawartosc\"><img src=\"http:\/\/b.borusewicz.pl\/wp-content\/uploads\/2009\/01\/w_340_medium.jpeg\" border=\"0\" class=\"ikona\"\/><\/p>\n<div class=\"Zajawka\"><\/div>\n<div class=\"Tresc\">Idea  przyj\u0119cia  imienia Aliny Pienkowskiej wysz\u0142a od Dyrekcji, Pracownik\u00f3w oraz S\u0142uchaczy Wojew\u00f3dzkiego Zespo\u0142u Szk\u00f3\u0142 Policealnych w Gdyni. Dowodem powszechnego uznania dla tego pomys\u0142u by\u0142a jednog\u0142o\u015bnie przyj\u0119ta uchwa\u0142a Samorz\u0105du Wojew\u00f3dztwa Pomorskiego, kt\u00f3ry jest organem za\u0142o\u017cycielskim Szko\u0142y.<\/p>\n<p>Alina Pienkowska, z zawodu piel\u0119gniarka by\u0142a osob\u0105 niezwykle ofiarn\u0105 i zaanga\u017cowan\u0105, kt\u00f3ra zawsze nios\u0142a pomoc potrzebuj\u0105cym. Od 1978 roku dzia\u0142a\u0142a w Wolnych Zwi\u0105zkach Zawodowych Wybrze\u017ca. Podczas strajku sierpniowego 1980 roku w Stoczni Gda\u0144skiej ta drobna, filigranowa kobieta, odegra\u0142a niezwyk\u0142\u0105 rol\u0119 w niedopuszczeniu 16 sierpnia do zako\u0144czenia strajku.<\/p>\n<p>W wolnej Polsce w latach 1991-93  by\u0142a senatorem, a w latach 1998-2002 gda\u0144sk\u0105 radn\u0105. Z Jej przedwczesn\u0105 \u015bmierci\u0105 w 2002 roku jeszcze dzi\u015b trudno jest si\u0119 pogodzi\u0107. <\/p>\n<p>Uroczysto\u015bci rozpocz\u0119\u0142y si\u0119 Msz\u0105 \u015awi\u0119t\u0105  w ko\u015bciele Naj\u015bwi\u0119tszej Marii Panny w Gdyni. Ksi\u0105dz pra\u0142at Edmund Skalski zwracaj\u0105c si\u0119 do Pana Marsza\u0142ka Borusewicza oraz do c\u00f3rki Kingi i syna Sebastiana, w pi\u0119knej homilii przedstawi\u0142 sylwetk\u0119 Aliny Pienkowskiej, a tak\u017ce podzi\u0119kowa\u0142  dyrekcji  i s\u0142uchaczom Szko\u0142y za zaanga\u017cowanie w przygotowanie uroczystej Mszy \u015awi\u0119tej.<\/p>\n<p>Na uroczystej Akademii na \u015bcianie jako motto widnia\u0142y s\u0142owa Aliny Pienkowskiej: ?Autorytet ka\u017cdego cz\u0142owieka zale\u017cy od tego kim jest i co sob\u0105 reprezentuje. Jakie ma morale i zawodowe kwalifikacje. O tym przede wszystkim powinni pami\u0119ta\u0107 pracownicy s\u0142u\u017cby zdrowia. U nich liczy si\u0119 w r\u00f3wnym stopniu fachowo\u015b\u0107 i etyczne dzia\u0142anie? .<\/p>\n<p>Po ciekawych laudacjach na temat Patronki Szko\u0142y w wykonaniu Dariusza Godlewskiego ,  studenta Tomasza Snarskiego oraz s\u0142uchaczy Szko\u0142y, by\u0142 czas na osobiste refleksje i \u017cyczenia.<\/p>\n<p>W swoich wyst\u0105pieniach Ojciec Zi\u0119ba oraz przedstawiciele w\u0142adz miasta i wojew\u00f3dztwa gratuluj\u0105c Szkole jednocze\u015bnie podkre\u015blali, \u017ce przyj\u0119cie takiej Patronki to wysoko postawiona poprzeczka.<\/p>\n<p>Pan Marsza\u0142ek Bogdan Borusewicz  powiedzia\u0142, \u017ce wyst\u0119puje w podw\u00f3jnej roli &#8211;  Marsza\u0142ka Senatu RP, ale przede wszystkim m\u0119\u017ca Aliny Pienkowskiej i \u017ce trudno mu jest cokolwiek doda\u0107 do wszystkich pi\u0119knych s\u0142\u00f3w, kt\u00f3re zosta\u0142y wypowiedziane.<\/p>\n<p>Nast\u0119pnie Pan Marsza\u0142ek ods\u0142oni\u0142 tablic\u0119 pami\u0105tkow\u0105 z wizerunkiem Aliny, kt\u00f3r\u0105 po\u015bwi\u0119ci\u0142 ksi\u0105dz Stanis\u0142aw Bogdanowicz. Ksi\u0105dz infu\u0142at Stanis\u0142aw Bogdanowicz przywo\u0142ywany by\u0142 we wspomnieniach jako ten, kt\u00f3ry potajemnie udzieli\u0142 \u015blubu Alinie i Bogdanowi, a nast\u0119pnie, w czasie kiedy Bogdan Borusewicz si\u0119 ukrywa\u0142, chrzci\u0142 ma\u0142\u0105 King\u0119.<\/p>\n<p>Na zako\u0144czenie obchod\u00f3w pani dyrektor Irena Szk\u00f3lnik zaprosi\u0142a do zwiedzania pomieszcze\u0144 Wojew\u00f3dzkiego Zespo\u0142u Szk\u00f3\u0142 Policealnych imienia Aliny Pienkowskiej.<\/p>\n<p><\/div>\n<p><img src=\"http:\/\/b.borusewicz.pl\/wp-content\/uploads\/2009\/01\/w_340_a.jpeg\" border=\"1\" class=\"foto\"\/><img src=\"http:\/\/b.borusewicz.pl\/wp-content\/uploads\/2009\/01\/w_340_b.jpeg\" border=\"1\" class=\"foto\"\/><img src=\"http:\/\/b.borusewicz.pl\/wp-content\/uploads\/2009\/01\/w_340_c.jpeg\" border=\"1\" class=\"foto\"\/><img src=\"http:\/\/b.borusewicz.pl\/wp-content\/uploads\/2009\/01\/w_340_d.jpeg\" border=\"1\" class=\"foto\"\/><img src=\"http:\/\/b.borusewicz.pl\/wp-content\/uploads\/2009\/01\/w_340_e.jpeg\" border=\"1\" class=\"foto\"\/><br \/><center>Autorem zdj\u0119cia jest Sebastian Elijasz<\/center>\n<\/div>\n","protected":false},"excerpt":{"rendered":"<p>W dniu 12 stycznia 2009 roku w Zespole Szk\u00f3\u0142 Policealnych w Gdyni odby\u0142a si\u0119 uroczyste nadanie imienia Aliny Pienkowskiej.<\/p>\n","protected":false},"author":1,"featured_media":2206,"comment_status":"open","ping_status":"open","sticky":false,"template":"","format":"standard","meta":[],"categories":[2,4],"tags":[],"_links":{"self":[{"href":"http:\/\/b-borusewicz.pl\/index.php\/wp-json\/wp\/v2\/posts\/1589"}],"collection":[{"href":"http:\/\/b-borusewicz.pl\/index.php\/wp-json\/wp\/v2\/posts"}],"about":[{"href":"http:\/\/b-borusewicz.pl\/index.php\/wp-json\/wp\/v2\/types\/post"}],"author":[{"embeddable":true,"href":"http:\/\/b-borusewicz.pl\/index.php\/wp-json\/wp\/v2\/users\/1"}],"replies":[{"embeddable":true,"href":"http:\/\/b-borusewicz.pl\/index.php\/wp-json\/wp\/v2\/comments?post=1589"}],"version-history":[{"count":1,"href":"http:\/\/b-borusewicz.pl\/index.php\/wp-json\/wp\/v2\/posts\/1589\/revisions"}],"predecessor-version":[{"id":2212,"href":"http:\/\/b-borusewicz.pl\/index.php\/wp-json\/wp\/v2\/posts\/1589\/revisions\/2212"}],"wp:featuredmedia":[{"embeddable":true,"href":"http:\/\/b-borusewicz.pl\/index.php\/wp-json\/wp\/v2\/media\/2206"}],"wp:attachment":[{"href":"http:\/\/b-borusewicz.pl\/index.php\/wp-json\/wp\/v2\/media?parent=1589"}],"wp:term":[{"taxonomy":"category","embeddable":true,"href":"http:\/\/b-borusewicz.pl\/index.php\/wp-json\/wp\/v2\/categories?post=1589"},{"taxonomy":"post_tag","embeddable":true,"href":"http:\/\/b-borusewicz.pl\/index.php\/wp-json\/wp\/v2\/tags?post=1589"}],"curies":[{"name":"wp","href":"https:\/\/api.w.org\/{rel}","templated":true}]}}