{"id":1587,"date":"2008-12-14T00:00:00","date_gmt":"2008-12-14T00:00:00","guid":{"rendered":"http:\/\/b.borusewicz.pl\/index.php\/2008\/12\/14\/wizyta-w-osieku-na-kociewiu\/"},"modified":"2016-10-26T12:49:25","modified_gmt":"2016-10-26T12:49:25","slug":"wizyta-w-osieku-na-kociewiu","status":"publish","type":"post","link":"http:\/\/b-borusewicz.pl\/index.php\/2008\/12\/14\/wizyta-w-osieku-na-kociewiu\/","title":{"rendered":"Wizyta w Osieku na Kociewiu."},"content":{"rendered":"<p>W niedziel\u0119 14 grudnia Marsza\u0142ek Senatu RP Bogdan Borusewicz na zaproszenie Prezesa Stowarzyszenia Muzyki Gospel ksi\u0119dza doktora Zdzis\u0142awa Ossowskiego przyby\u0142 do Osieka.<!--more--><\/p>\n<div id=\"Zawartosc\"><img src=\"http:\/\/b.borusewicz.pl\/wp-content\/uploads\/2008\/12\/w_335_medium.jpeg\" border=\"0\" class=\"ikona\"\/><\/p>\n<div class=\"Zajawka\"><\/div>\n<div class=\"Tresc\">Coroczne koncerty w Osieku dzi\u0119ki niezwyk\u0142ej osobowo\u015bci i energii ksi\u0119dza Zdzis\u0142awa Ossowskiego rozs\u0142awiaj\u0105 Kociewie, a wizyty Marsza\u0142ka Senatu RP w tej pi\u0119knej cz\u0119\u015bci wojew\u00f3dztwa pomorskiego ka\u017cdorazowo s\u0105 szeroko komentowane.<\/p>\n<p>W ten zimny grudniowy wiecz\u00f3r ko\u015bci\u00f3\u0142 w Osieku rozbrzmiewa\u0142 muzyk\u0105 Skald\u00f3w, kt\u00f3rzy przyjechali z Krakowa, a towarzyszy\u0142 im m\u0142odzie\u017cowy ch\u00f3r z Be\u0142chatowa.<\/p>\n<p>Po koncercie odby\u0142o si\u0119 spotkanie w go\u015bcinnym Domu Pielgrzyma w Osieku.  <\/p><\/div>\n<p><img src=\"http:\/\/b.borusewicz.pl\/wp-content\/uploads\/2008\/12\/w_335_a.jpeg\" border=\"1\" class=\"foto\"\/><img src=\"http:\/\/b.borusewicz.pl\/wp-content\/uploads\/2008\/12\/w_335_b.jpeg\" border=\"1\" class=\"foto\"\/><img src=\"http:\/\/b.borusewicz.pl\/wp-content\/uploads\/2008\/12\/w_335_c.jpeg\" border=\"1\" class=\"foto\"\/><img src=\"http:\/\/b.borusewicz.pl\/wp-content\/uploads\/2008\/12\/w_335_d.jpeg\" border=\"1\" class=\"foto\"\/>\n<\/div>\n","protected":false},"excerpt":{"rendered":"<p>W niedziel\u0119 14 grudnia Marsza\u0142ek Senatu RP Bogdan Borusewicz na zaproszenie Prezesa Stowarzyszenia Muzyki Gospel ksi\u0119dza doktora Zdzis\u0142awa Ossowskiego przyby\u0142 do Osieka.<\/p>\n","protected":false},"author":1,"featured_media":2194,"comment_status":"open","ping_status":"open","sticky":false,"template":"","format":"standard","meta":[],"categories":[2,4],"tags":[],"_links":{"self":[{"href":"http:\/\/b-borusewicz.pl\/index.php\/wp-json\/wp\/v2\/posts\/1587"}],"collection":[{"href":"http:\/\/b-borusewicz.pl\/index.php\/wp-json\/wp\/v2\/posts"}],"about":[{"href":"http:\/\/b-borusewicz.pl\/index.php\/wp-json\/wp\/v2\/types\/post"}],"author":[{"embeddable":true,"href":"http:\/\/b-borusewicz.pl\/index.php\/wp-json\/wp\/v2\/users\/1"}],"replies":[{"embeddable":true,"href":"http:\/\/b-borusewicz.pl\/index.php\/wp-json\/wp\/v2\/comments?post=1587"}],"version-history":[{"count":1,"href":"http:\/\/b-borusewicz.pl\/index.php\/wp-json\/wp\/v2\/posts\/1587\/revisions"}],"predecessor-version":[{"id":2199,"href":"http:\/\/b-borusewicz.pl\/index.php\/wp-json\/wp\/v2\/posts\/1587\/revisions\/2199"}],"wp:featuredmedia":[{"embeddable":true,"href":"http:\/\/b-borusewicz.pl\/index.php\/wp-json\/wp\/v2\/media\/2194"}],"wp:attachment":[{"href":"http:\/\/b-borusewicz.pl\/index.php\/wp-json\/wp\/v2\/media?parent=1587"}],"wp:term":[{"taxonomy":"category","embeddable":true,"href":"http:\/\/b-borusewicz.pl\/index.php\/wp-json\/wp\/v2\/categories?post=1587"},{"taxonomy":"post_tag","embeddable":true,"href":"http:\/\/b-borusewicz.pl\/index.php\/wp-json\/wp\/v2\/tags?post=1587"}],"curies":[{"name":"wp","href":"https:\/\/api.w.org\/{rel}","templated":true}]}}