{"id":1585,"date":"2008-12-09T00:00:00","date_gmt":"2008-12-09T00:00:00","guid":{"rendered":"http:\/\/b.borusewicz.pl\/index.php\/2008\/12\/09\/xiv-konkurs-o-nagrode-bursztynowego-mieczyka\/"},"modified":"2016-10-26T12:49:23","modified_gmt":"2016-10-26T12:49:23","slug":"xiv-konkurs-o-nagrode-bursztynowego-mieczyka","status":"publish","type":"post","link":"http:\/\/b-borusewicz.pl\/index.php\/2008\/12\/09\/xiv-konkurs-o-nagrode-bursztynowego-mieczyka\/","title":{"rendered":"XIV  konkurs  o nagrod\u0119 Bursztynowego Mieczyka"},"content":{"rendered":"<p>Marsza\u0142ek Senatu RP Bogdan Borusewicz  9 grudnia 2008  w Ratuszu Staromiejskim w Gda\u0144sku wzi\u0105\u0142 udzia\u0142 w rozstrzygni\u0119ciu ju\u017c XIV ?tej  edycji konkursu o nagrod\u0119 Bursztynowego Mieczyka. <!--more--><\/p>\n<div id=\"Zawartosc\"><img src=\"http:\/\/b.borusewicz.pl\/wp-content\/uploads\/2008\/12\/w_330_medium.jpeg\" border=\"0\" class=\"ikona\"\/><\/p>\n<div class=\"Zajawka\"><\/div>\n<div class=\"Tresc\">Wybranie zwyci\u0119zc\u00f3w spo\u015br\u00f3d kilkudziesi\u0119ciu pomorskich organizacji pozarz\u0105dowych nie by\u0142o \u0142atwym zadaniem. Stowarzyszenie Solidarni ?Plus? za innowacyjno\u015b\u0107, Fundacja ?\u017byc Godnie? za wsp\u00f3\u0142prac\u0119 z innymi partnerami, Fundacja Hospicyjna za 25 lat ruchu hospicyjnego oraz Gda\u0144ska Fundacja Wody za dzia\u0142alno\u015b\u0107 Centrum Informacji i Edukacji Ekologicznej. Opr\u00f3cz nagr\u00f3d g\u0142\u00f3wnych by\u0142y te\u017c wyr\u00f3\u017cnienia i dyplomy, a tak\u017ce nagrody specjalne. <\/p>\n<p>Nagroda Marsza\u0142ka Senatu wraz z listem pow\u0119drowa\u0142a do Fundacji Pomocy Dzieciom Poszkodowanym w Wypadkach Komunikacyjnych ?WR\u00d3C?. <br \/>\nPoni\u017cej przytaczamy list Pana Marsza\u0142ka do Przewodnicz\u0105cego Fundacji<br \/><i><br \/>\n<br \/>\nCo godzin\u0119 na polskich drogach rodzi si\u0119 cz\u0142onek nowej spo\u0142eczno\u015bci ? spo\u0142eczno\u015bci dzieci okrutnie skrzywdzonych i okaleczonych, dzieci ju\u017c bez dzieci\u0144stwa, cz\u0119sto nie wiedz\u0105cych nie m\u00f3wi\u0105cych, nie chodz\u0105cych, czasami o g\u0142\u0119bokiej niepe\u0142nosprawno\u015bci intelektualnej ? dla nich pracujemy.<\/p>\n<p>Motto, kt\u00f3re przyj\u0119li\u015bcie Pa\u0144stwo jako pow\u00f3d swojego dzia\u0142ania jest wstrz\u0105saj\u0105ce i daje do my\u015blenia, \u017ce wypadki komunikacyjne to prawdziwa epidemia XXI wieku?.<\/p>\n<p>W\u015br\u00f3d cel\u00f3w Fundacji jest finansowanie pomocy medycznej, organizacja rehabilitacji i aktywno\u015bci os\u00f3b niepe\u0142nosprawnych, ale tak\u017ce prowadzenie dzia\u0142alno\u015bci edukacyjnej w\u015br\u00f3d dzieci i m\u0142odzie\u017cy zwi\u0105zanej przepisami ruchu drogowego i bezpiecze\u0144stwa na drodze. <\/p>\n<p>Na Pana r\u0119ce przekazuj\u0119 wyrazy g\u0142\u0119bokiego uznania za dotychczasow\u0105 dzia\u0142alno\u015b\u0107 dla Rady i Zarz\u0105du oraz dla wsp\u00f3\u0142pracuj\u0105cych z Fundacji wolontariuszy.<\/p>\n<p>\u017bycz\u0119 du\u017co si\u0142y i wytrwa\u0142o\u015bci do podejmowania dzia\u0142a\u0144.<br \/>\nSerdecznie pozdrawiam podopiecznych Fundacji<br \/>\n<\/i><\/div>\n<p><img src=\"http:\/\/b.borusewicz.pl\/wp-content\/uploads\/2008\/12\/w_330_a.jpeg\" border=\"1\" class=\"foto\"\/><img src=\"http:\/\/b.borusewicz.pl\/wp-content\/uploads\/2008\/12\/w_330_b.jpeg\" border=\"1\" class=\"foto\"\/><img src=\"http:\/\/b.borusewicz.pl\/wp-content\/uploads\/2008\/12\/w_330_c.jpeg\" border=\"1\" class=\"foto\"\/>\n<\/div>\n","protected":false},"excerpt":{"rendered":"<p>Marsza\u0142ek Senatu RP Bogdan Borusewicz  9 grudnia 2008  w Ratuszu Staromiejskim w Gda\u0144sku wzi\u0105\u0142 udzia\u0142 w rozstrzygni\u0119ciu ju\u017c XIV ?tej  edycji konkursu o nagrod\u0119 Bursztynowego Mieczyka. <\/p>\n","protected":false},"author":1,"featured_media":2184,"comment_status":"open","ping_status":"open","sticky":false,"template":"","format":"standard","meta":[],"categories":[2,4],"tags":[],"_links":{"self":[{"href":"http:\/\/b-borusewicz.pl\/index.php\/wp-json\/wp\/v2\/posts\/1585"}],"collection":[{"href":"http:\/\/b-borusewicz.pl\/index.php\/wp-json\/wp\/v2\/posts"}],"about":[{"href":"http:\/\/b-borusewicz.pl\/index.php\/wp-json\/wp\/v2\/types\/post"}],"author":[{"embeddable":true,"href":"http:\/\/b-borusewicz.pl\/index.php\/wp-json\/wp\/v2\/users\/1"}],"replies":[{"embeddable":true,"href":"http:\/\/b-borusewicz.pl\/index.php\/wp-json\/wp\/v2\/comments?post=1585"}],"version-history":[{"count":1,"href":"http:\/\/b-borusewicz.pl\/index.php\/wp-json\/wp\/v2\/posts\/1585\/revisions"}],"predecessor-version":[{"id":2188,"href":"http:\/\/b-borusewicz.pl\/index.php\/wp-json\/wp\/v2\/posts\/1585\/revisions\/2188"}],"wp:featuredmedia":[{"embeddable":true,"href":"http:\/\/b-borusewicz.pl\/index.php\/wp-json\/wp\/v2\/media\/2184"}],"wp:attachment":[{"href":"http:\/\/b-borusewicz.pl\/index.php\/wp-json\/wp\/v2\/media?parent=1585"}],"wp:term":[{"taxonomy":"category","embeddable":true,"href":"http:\/\/b-borusewicz.pl\/index.php\/wp-json\/wp\/v2\/categories?post=1585"},{"taxonomy":"post_tag","embeddable":true,"href":"http:\/\/b-borusewicz.pl\/index.php\/wp-json\/wp\/v2\/tags?post=1585"}],"curies":[{"name":"wp","href":"https:\/\/api.w.org\/{rel}","templated":true}]}}