{"id":1584,"date":"2008-12-05T00:00:00","date_gmt":"2008-12-05T00:00:00","guid":{"rendered":"http:\/\/b.borusewicz.pl\/index.php\/2008\/12\/05\/obchody-25-rocznicy-otrzymania-przez-lecha-walese-pokojowej-nagrody-nobla\/"},"modified":"2016-10-26T12:49:22","modified_gmt":"2016-10-26T12:49:22","slug":"obchody-25-rocznicy-otrzymania-przez-lecha-walese-pokojowej-nagrody-nobla","status":"publish","type":"post","link":"http:\/\/b-borusewicz.pl\/index.php\/2008\/12\/05\/obchody-25-rocznicy-otrzymania-przez-lecha-walese-pokojowej-nagrody-nobla\/","title":{"rendered":"Obchody 25-rocznicy otrzymania przez Lecha Wa\u0142\u0119s\u0119 Pokojowej Nagrody Nobla.."},"content":{"rendered":"<p>W pi\u0105tkowy wiecz\u00f3r 5- grudnia rozpocz\u0119\u0142a si\u0119 uroczysta sesja inauguruj\u0105ca obchody konferencji ?Solidarno\u015b\u0107 dla Przysz\u0142o\u015bci?<!--more--><\/p>\n<div id=\"Zawartosc\"><img src=\"http:\/\/b.borusewicz.pl\/wp-content\/uploads\/2008\/12\/w_329_medium.jpeg\" border=\"0\" class=\"ikona\"\/><\/p>\n<div class=\"Zajawka\"><\/div>\n<div class=\"Tresc\">Po powitaniu go\u015bci przez Prezydenta Gda\u0144ska, Marsza\u0142ek Senatu RP Bogdan Borusewicz wspominaj\u0105c 1983 rok powiedzia\u0142, \u017ce Nagroda Nobla dla Lecha Wa\u0142\u0119sy by\u0142a nagrod\u0105 dla nas wszystkich, dla ca\u0142ej ?Solidarno\u015bci?.<\/p>\n<p>Przez ca\u0142\u0105 sobot\u0119 6 grudnia w sali Filharmonii Ba\u0142tyckiej na gda\u0144skiej O\u0142owiance  oko\u0142o 1000 os\u00f3b, w tym grupa m\u0142odzie\u017cy, kt\u00f3ra  przyby\u0142a z ca\u0142ego \u015bwiata do Gda\u0144ska ?Ekspresem  Solidarno\u015bci?,  uczestniczy\u0142a w niezwykle ciekawych wydarzeniach tego dnia.<\/p>\n<p>W sesji inauguracyjnej, kt\u00f3r\u0105 prowadzi\u0142 profesor Jerzy Buzek, wzi\u0119li udzia\u0142 Lech Wa\u0142\u0119sa, Donald Tusk oraz Jose Manuel Barroso. <\/p>\n<p>Do Gda\u0144ska przybyli laureaci Nagrody Nobla z ca\u0142ego \u015bwiata na czele z Dalaj Lam\u0105, prezydenci, premierzy i ministrowie.<\/div>\n<p><img src=\"http:\/\/b.borusewicz.pl\/wp-content\/uploads\/2008\/12\/w_329_a.jpeg\" border=\"1\" class=\"foto\"\/><img src=\"http:\/\/b.borusewicz.pl\/wp-content\/uploads\/2008\/12\/w_329_b.jpeg\" border=\"1\" class=\"foto\"\/><img src=\"http:\/\/b.borusewicz.pl\/wp-content\/uploads\/2008\/12\/w_329_c.jpeg\" border=\"1\" class=\"foto\"\/><img src=\"http:\/\/b.borusewicz.pl\/wp-content\/uploads\/2008\/12\/w_329_d.jpeg\" border=\"1\" class=\"foto\"\/>\n<\/div>\n","protected":false},"excerpt":{"rendered":"<p>W pi\u0105tkowy wiecz\u00f3r 5- grudnia rozpocz\u0119\u0142a si\u0119 uroczysta sesja inauguruj\u0105ca obchody konferencji ?Solidarno\u015b\u0107 dla Przysz\u0142o\u015bci?<\/p>\n","protected":false},"author":1,"featured_media":2178,"comment_status":"open","ping_status":"open","sticky":false,"template":"","format":"standard","meta":[],"categories":[2,4],"tags":[],"_links":{"self":[{"href":"http:\/\/b-borusewicz.pl\/index.php\/wp-json\/wp\/v2\/posts\/1584"}],"collection":[{"href":"http:\/\/b-borusewicz.pl\/index.php\/wp-json\/wp\/v2\/posts"}],"about":[{"href":"http:\/\/b-borusewicz.pl\/index.php\/wp-json\/wp\/v2\/types\/post"}],"author":[{"embeddable":true,"href":"http:\/\/b-borusewicz.pl\/index.php\/wp-json\/wp\/v2\/users\/1"}],"replies":[{"embeddable":true,"href":"http:\/\/b-borusewicz.pl\/index.php\/wp-json\/wp\/v2\/comments?post=1584"}],"version-history":[{"count":1,"href":"http:\/\/b-borusewicz.pl\/index.php\/wp-json\/wp\/v2\/posts\/1584\/revisions"}],"predecessor-version":[{"id":2183,"href":"http:\/\/b-borusewicz.pl\/index.php\/wp-json\/wp\/v2\/posts\/1584\/revisions\/2183"}],"wp:featuredmedia":[{"embeddable":true,"href":"http:\/\/b-borusewicz.pl\/index.php\/wp-json\/wp\/v2\/media\/2178"}],"wp:attachment":[{"href":"http:\/\/b-borusewicz.pl\/index.php\/wp-json\/wp\/v2\/media?parent=1584"}],"wp:term":[{"taxonomy":"category","embeddable":true,"href":"http:\/\/b-borusewicz.pl\/index.php\/wp-json\/wp\/v2\/categories?post=1584"},{"taxonomy":"post_tag","embeddable":true,"href":"http:\/\/b-borusewicz.pl\/index.php\/wp-json\/wp\/v2\/tags?post=1584"}],"curies":[{"name":"wp","href":"https:\/\/api.w.org\/{rel}","templated":true}]}}