{"id":1583,"date":"2008-12-01T00:00:00","date_gmt":"2008-12-01T00:00:00","guid":{"rendered":"http:\/\/b.borusewicz.pl\/index.php\/2008\/12\/01\/v-walne-zgromadzenie-pomorskiej-izby-rolniczej-iii-kadencji\/"},"modified":"2016-10-26T12:49:20","modified_gmt":"2016-10-26T12:49:20","slug":"v-walne-zgromadzenie-pomorskiej-izby-rolniczej-iii-kadencji","status":"publish","type":"post","link":"http:\/\/b-borusewicz.pl\/index.php\/2008\/12\/01\/v-walne-zgromadzenie-pomorskiej-izby-rolniczej-iii-kadencji\/","title":{"rendered":"V Walne Zgromadzenie Pomorskiej Izby Rolniczej III kadencji"},"content":{"rendered":"<p>Opr\u00f3cz Zarz\u0105du Pomorskiej Izby Rolniczej oraz delegat\u00f3w z powiat\u00f3w wojew\u00f3dztwa pomorskiego,  w zebraniu uczestniczy\u0142 Marsza\u0142ek Senatu RP Bogdan Borusewicz, Sekretarz Stanu w Ministerstwie Rolnictwa i Rozwoju Wsi Kazimierz Plocke, senator Andrzej Grzyb, pos\u0142owie Zdzis\u0142aw Czucha i Jan Kulas, przedstawiciele samorz\u0105du wojew\u00f3dztwa oraz dyrektorzy instytucji zwi\u0105zanych z rolnictwem Walne zgromadzenie odby\u0142o si\u0119 w O\u015brodku Doradztwa Rolniczego w Gda\u0144sku-Lipcach.<!--more--><\/p>\n<div id=\"Zawartosc\"><img src=\"http:\/\/b.borusewicz.pl\/wp-content\/uploads\/2008\/12\/w_328_medium.jpeg\" border=\"0\" class=\"ikona\"\/><\/p>\n<div class=\"Zajawka\"><\/div>\n<div class=\"Tresc\">Prezes Zarz\u0105du Pomorskiej Izby Rolniczej Zenon Bistram powiedzia\u0142, \u017ce bardzo sobie ceni\u0105 obecno\u015b\u0107 Pana Marsza\u0142ka i jego zainteresowanie sprawami rolnictwa. <\/p>\n<p>Zebrani wys\u0142uchali dw\u00f3ch ciekawych prelekcji.  Dr in\u017c. Lech Goraj z Instytutu Ekonomiki Rolnictwa om\u00f3wi\u0142 sytuacj\u0119 ekonomiczn\u0105 gospodarstw rolnych w Polsce po roku 2004, a Kazimierz Plocke, w oparciu o najnowsze ustalenia  przedstawi\u0142 stan aktualny, a tak\u017ce prognozy rozwoju rolnictwa i obszar\u00f3w wiejskich w Polsce po roku 2013. Po tych wyst\u0105pieniach rozpocz\u0119\u0142a si\u0119 dyskusja.  <\/p><\/div>\n<p><img src=\"http:\/\/b.borusewicz.pl\/wp-content\/uploads\/2008\/12\/w_328_a.jpeg\" border=\"1\" class=\"foto\"\/><img src=\"http:\/\/b.borusewicz.pl\/wp-content\/uploads\/2008\/12\/w_328_b.jpeg\" border=\"1\" class=\"foto\"\/><img src=\"http:\/\/b.borusewicz.pl\/wp-content\/uploads\/2008\/12\/w_328_c.jpeg\" border=\"1\" class=\"foto\"\/><img src=\"http:\/\/b.borusewicz.pl\/wp-content\/uploads\/2008\/12\/w_328_d.jpeg\" border=\"1\" class=\"foto\"\/>\n<\/div>\n","protected":false},"excerpt":{"rendered":"<p>Opr\u00f3cz Zarz\u0105du Pomorskiej Izby Rolniczej oraz delegat\u00f3w z powiat\u00f3w wojew\u00f3dztwa pomorskiego,  w zebraniu uczestniczy\u0142 Marsza\u0142ek Senatu RP Bogdan Borusewicz, Sekretarz Stanu w Ministerstwie Rolnictwa i Rozwoju Wsi Kazimierz Plocke, senator Andrzej Grzyb, pos\u0142owie Zdzis\u0142aw Czucha i Jan Kulas, przedstawiciele samorz\u0105du wojew\u00f3dztwa oraz dyrektorzy instytucji zwi\u0105zanych z rolnictwem Walne zgromadzenie odby\u0142o si\u0119 w O\u015brodku Doradztwa Rolniczego w Gda\u0144sku-Lipcach.<\/p>\n","protected":false},"author":1,"featured_media":2172,"comment_status":"open","ping_status":"open","sticky":false,"template":"","format":"standard","meta":[],"categories":[2,4],"tags":[],"_links":{"self":[{"href":"http:\/\/b-borusewicz.pl\/index.php\/wp-json\/wp\/v2\/posts\/1583"}],"collection":[{"href":"http:\/\/b-borusewicz.pl\/index.php\/wp-json\/wp\/v2\/posts"}],"about":[{"href":"http:\/\/b-borusewicz.pl\/index.php\/wp-json\/wp\/v2\/types\/post"}],"author":[{"embeddable":true,"href":"http:\/\/b-borusewicz.pl\/index.php\/wp-json\/wp\/v2\/users\/1"}],"replies":[{"embeddable":true,"href":"http:\/\/b-borusewicz.pl\/index.php\/wp-json\/wp\/v2\/comments?post=1583"}],"version-history":[{"count":1,"href":"http:\/\/b-borusewicz.pl\/index.php\/wp-json\/wp\/v2\/posts\/1583\/revisions"}],"predecessor-version":[{"id":2177,"href":"http:\/\/b-borusewicz.pl\/index.php\/wp-json\/wp\/v2\/posts\/1583\/revisions\/2177"}],"wp:featuredmedia":[{"embeddable":true,"href":"http:\/\/b-borusewicz.pl\/index.php\/wp-json\/wp\/v2\/media\/2172"}],"wp:attachment":[{"href":"http:\/\/b-borusewicz.pl\/index.php\/wp-json\/wp\/v2\/media?parent=1583"}],"wp:term":[{"taxonomy":"category","embeddable":true,"href":"http:\/\/b-borusewicz.pl\/index.php\/wp-json\/wp\/v2\/categories?post=1583"},{"taxonomy":"post_tag","embeddable":true,"href":"http:\/\/b-borusewicz.pl\/index.php\/wp-json\/wp\/v2\/tags?post=1583"}],"curies":[{"name":"wp","href":"https:\/\/api.w.org\/{rel}","templated":true}]}}