{"id":1582,"date":"2008-11-28T00:00:00","date_gmt":"2008-11-28T00:00:00","guid":{"rendered":"http:\/\/b.borusewicz.pl\/index.php\/2008\/11\/28\/90-rocznica-odtworzenia-marynarki-wojennej-rzeczypospolitej-polskiej\/"},"modified":"2016-10-26T12:49:19","modified_gmt":"2016-10-26T12:49:19","slug":"90-rocznica-odtworzenia-marynarki-wojennej-rzeczypospolitej-polskiej","status":"publish","type":"post","link":"http:\/\/b-borusewicz.pl\/index.php\/2008\/11\/28\/90-rocznica-odtworzenia-marynarki-wojennej-rzeczypospolitej-polskiej\/","title":{"rendered":"90.Rocznica Odtworzenia Marynarki Wojennej Rzeczypospolitej Polskiej."},"content":{"rendered":"<p>28 listopada 2008 roku Marsza\u0142ek Senatu RP Bogdan Borusewicz wzi\u0105\u0142 udzia\u0142 w obchodach, podczas kt\u00f3rych odebra\u0142 meldunek od dow\u00f3dcy uroczysto\u015bci.<!--more--><\/p>\n<div id=\"Zawartosc\"><img src=\"http:\/\/b.borusewicz.pl\/wp-content\/uploads\/2008\/11\/w_327_medium.jpeg\" border=\"0\" class=\"ikona\"\/><\/p>\n<div class=\"Zajawka\"><\/div>\n<div class=\"Tresc\">W uroczysto\u015bciach uczestniczy\u0142 Minister Obrony Narodowej Bogdan Klich,<br \/>\nprzedstawiciele kancelarii Prezydenta RP oraz Premiera, Biskup Polowy<br \/>\nWojska Polskiego, kanclerz kapitu\u0142y Orderu Virtuti Militari Stanis\u0142aw Na\u0142\u0119cz ?Komornicki, kombatanci, prezydent Gdyni oraz oczywi\u015bcie dow\u00f3dca Marynarki Wojennej.<\/p>\n<p>Przy P\u0142ycie Marynarza Polskiego w Gdyni  przy d\u017awi\u0119kach orkiestry Marynarki Wojennej odby\u0142a si\u0119 defilada Oddzia\u0142\u00f3w Marynarki Wojennej, salwa honorowa, kwiaty i odznaczenia. <\/p>\n<p>W przem\u00f3wieniach podkre\u015blano fakt, \u017ce Marsza\u0142ek J\u00f3zef Pi\u0142sudski wyda\u0142 dekret o powo\u0142aniu Marynarki Wojennej RP  kilkana\u015bcie dni po uzyskaniu przez Polsk\u0119 niepodleg\u0142o\u015bci, a ju\u017c par\u0119 lat p\u00f3\u017aniej zbudowano Gdyni\u0119! A tak\u017ce, \u017ce w czasie II wojny \u015bwiatowej na pok\u0142adach naszych okr\u0119t\u00f3w zawsze by\u0142a Polska i \u017ce \u017caden z naszych okr\u0119t\u00f3w si\u0119 nie podda\u0142!<\/p>\n<p>Z aplauzem spotka\u0142o si\u0119 stwierdzenie Ministra Obrony Narodowej Bogdana Klicha , \u017ce   powa\u017cnie rozwa\u017cane s\u0105 plany wzmocnienia i  modernizacji Marynarki Wojennej RP.<\/p>\n<p>Uroczysto\u015b\u0107 u\u015bwietni\u0142o ufundowanie przez spo\u0142ecze\u0144stwo Gdyni sztandaru dla Oddzia\u0142u Zabezpieczenia Marynarki MW.  Przeniesienie na ten sztandar Orderu Virtuti Militari ze sztandaru 1.Morskiego Pu\u0142ku Strzelc\u00f3w jest symbolem ci\u0105g\u0142o\u015bci tradycji, zw\u0142aszcza \u017ce matk\u0105 chrzestn\u0105 sztandaru by\u0142a uczestniczka historycznego Dywizjonu Morskiego, kt\u00f3ra wraz z Prezydentem Gdyni uczestniczy\u0142a w uroczysto\u015bciach.<\/p>\n<p>Ale prawdziwym zwie\u0144czeniem uroczysto\u015bci by\u0142o powitanie okr\u0119tu ORP &#8222;Genera\u0142 Pu\u0142aski&#8221;, kt\u00f3ry powr\u00f3ci\u0142 z kilkumiesi\u0119cznej NATO-wskiej operacji na Morzu Czarnym oraz na Morzu \u015ar\u00f3dziemnym. Po oficjalnym powitaniu nast\u0105pi\u0142 wzruszaj\u0105cy moment spotkania ze st\u0119sknionymi rodzinami.<\/div>\n<p><img src=\"http:\/\/b.borusewicz.pl\/wp-content\/uploads\/2008\/11\/w_327_a.jpeg\" border=\"1\" class=\"foto\"\/><img src=\"http:\/\/b.borusewicz.pl\/wp-content\/uploads\/2008\/11\/w_327_b.jpeg\" border=\"1\" class=\"foto\"\/><img src=\"http:\/\/b.borusewicz.pl\/wp-content\/uploads\/2008\/11\/w_327_c.jpeg\" border=\"1\" class=\"foto\"\/><img src=\"http:\/\/b.borusewicz.pl\/wp-content\/uploads\/2008\/11\/w_327_d.jpeg\" border=\"1\" class=\"foto\"\/><img src=\"http:\/\/b.borusewicz.pl\/wp-content\/uploads\/2008\/11\/w_327_e.jpeg\" border=\"1\" class=\"foto\"\/>\n<\/div>\n","protected":false},"excerpt":{"rendered":"<p>28 listopada 2008 roku Marsza\u0142ek Senatu RP Bogdan Borusewicz wzi\u0105\u0142 udzia\u0142 w obchodach, podczas kt\u00f3rych odebra\u0142 meldunek od dow\u00f3dcy uroczysto\u015bci.<\/p>\n","protected":false},"author":1,"featured_media":2165,"comment_status":"open","ping_status":"open","sticky":false,"template":"","format":"standard","meta":[],"categories":[2,4],"tags":[],"_links":{"self":[{"href":"http:\/\/b-borusewicz.pl\/index.php\/wp-json\/wp\/v2\/posts\/1582"}],"collection":[{"href":"http:\/\/b-borusewicz.pl\/index.php\/wp-json\/wp\/v2\/posts"}],"about":[{"href":"http:\/\/b-borusewicz.pl\/index.php\/wp-json\/wp\/v2\/types\/post"}],"author":[{"embeddable":true,"href":"http:\/\/b-borusewicz.pl\/index.php\/wp-json\/wp\/v2\/users\/1"}],"replies":[{"embeddable":true,"href":"http:\/\/b-borusewicz.pl\/index.php\/wp-json\/wp\/v2\/comments?post=1582"}],"version-history":[{"count":1,"href":"http:\/\/b-borusewicz.pl\/index.php\/wp-json\/wp\/v2\/posts\/1582\/revisions"}],"predecessor-version":[{"id":2171,"href":"http:\/\/b-borusewicz.pl\/index.php\/wp-json\/wp\/v2\/posts\/1582\/revisions\/2171"}],"wp:featuredmedia":[{"embeddable":true,"href":"http:\/\/b-borusewicz.pl\/index.php\/wp-json\/wp\/v2\/media\/2165"}],"wp:attachment":[{"href":"http:\/\/b-borusewicz.pl\/index.php\/wp-json\/wp\/v2\/media?parent=1582"}],"wp:term":[{"taxonomy":"category","embeddable":true,"href":"http:\/\/b-borusewicz.pl\/index.php\/wp-json\/wp\/v2\/categories?post=1582"},{"taxonomy":"post_tag","embeddable":true,"href":"http:\/\/b-borusewicz.pl\/index.php\/wp-json\/wp\/v2\/tags?post=1582"}],"curies":[{"name":"wp","href":"https:\/\/api.w.org\/{rel}","templated":true}]}}