{"id":1581,"date":"2008-10-25T00:00:00","date_gmt":"2008-10-25T00:00:00","guid":{"rendered":"http:\/\/b.borusewicz.pl\/index.php\/2008\/10\/25\/hubertus-pomorski-2008\/"},"modified":"2008-10-25T00:00:00","modified_gmt":"2008-10-25T00:00:00","slug":"hubertus-pomorski-2008","status":"publish","type":"post","link":"http:\/\/b-borusewicz.pl\/index.php\/2008\/10\/25\/hubertus-pomorski-2008\/","title":{"rendered":"?Hubertus Pomorski 2008?"},"content":{"rendered":"<p>25 pa\u017cdziernika 2008  Marsza\u0142ek Senatu RP Bogdan Borusewicz wzi\u0105\u0142 udzia\u0142 w obchodach 85-lecia Polskiego Zwi\u0105zku \u0141owieckiego na Zamku w Gniewie.<!--more--><\/p>\n<div id=\"Zawartosc\">\n<div class=\"Zajawka\"><\/div>\n<div class=\"Tresc\">Obchody rozpocz\u0119\u0142y si\u0119 Msz\u0105 \u015awi\u0119t\u0105 w intencji my\u015bliwych, le\u015bnik\u00f3w i bractwa rycerskiego, kt\u00f3r\u0105  koncelebrowa\u0142 Ksi\u0105dz Biskup Diecezji Pelpli\u0144skiej Jan Bernard Szlaga. Kaplica Zamkowa wzbogaci\u0142a si\u0119 o nowy witra\u017c oraz o tablic\u0119 pami\u0105tkow\u0105 po\u015bwi\u0119con\u0105 pierwszemu Kapelanowi my\u015bliwych i rycerzy, pracownik\u00f3w gospodarki le\u015bnej, wodnej i park\u00f3w narodowych \u015bp. Ks. Kan. Gracjanowi  Napierskiemu. <\/p>\n<p>Dalsze obchody ?Hubertusa Pomorskiego2008? odbywa\u0142y si\u0119 na dziedzi\u0144cu Zamku w Gniewie. Niezwykle barwn\u0105 uroczyst\u0105 opraw\u0119 tworzy\u0142y poczty sztandarowe k\u00f3\u0142 \u0142owieckich, le\u015bnicy i my\u015bliwi w mundurach i charakterystycznych kapeluszach, barwny regiment rycerzy na koniach pod wodz\u0105 Kasztelana Zamku w Gniewie Jaros\u0142awa Struczy\u0144skiego , psy my\u015bliwskie i soko\u0142y, a imprez\u0119 u\u015bwietnia\u0142a muzyka my\u015bliwska. <\/p>\n<p>Bogdan Borusewicz przekaza\u0142 zebranym swoje \u017cyczenia, a jego s\u0142owa i obecno\u015b\u0107 zosta\u0142y ciep\u0142o przyj\u0119te przez zebranych, kt\u00f3rzy podkre\u015blali, \u017ce Marsza\u0142ek Senatu jest z nimi nie po raz pierwszy.<\/p>\n<p>W przem\u00f3wieniach okoliczno\u015bciowych by\u0142a mowa o ochronie zasob\u00f3w przyrody i o gospodarce \u0142owieckiej w wojew\u00f3dztwie pomorskim. <\/p>\n<p>By\u0142y te\u017c wyr\u00f3\u017cnienia, odznaczenia i podzi\u0119kowania, z kt\u00f3rych najwy\u017csze odznaczenie otrzyma\u0142 Przewodnicz\u0105cy Okr\u0119gowej Komisji Etyki, Tradycji i Zwyczaj\u00f3w \u0141owieckich pan Andrzej Lipka, a kordzikiem my\u015bliwskim zosta\u0142 odznaczony marsza\u0142ek wojew\u00f3dztwa pomorskiego Jan Koz\u0142owski.<\/p>\n<p>Jednocze\u015bnie na wzg\u00f3rzu zamkowym i na podzamczu odbywa\u0142a si\u0119 pogo\u0144 za lisem, wystawa trofe\u00f3w my\u015bliwskich, pokazy sokolnicze, pokazy ps\u00f3w my\u015bliwskich oraz  pokazy wabienia zwierzyny. By\u0142a te\u017c prezentacja tradycyjnej kuchni my\u015bliwskiej, a imprez\u0119 u\u015bwietnia\u0142 koncert muzyki my\u015bliwskiej w wykonaniu Reprezentacyjnej Orkiestry Las\u00f3w Pa\u0144stwowych oraz Reprezentacyjnego Zespo\u0142u Muzyki My\u015bliwskiej Polskiego Zwi\u0105zku \u0141owieckiego. <\/p><\/div>\n<\/div>\n","protected":false},"excerpt":{"rendered":"<p>25 pa\u017cdziernika 2008  Marsza\u0142ek Senatu RP Bogdan Borusewicz wzi\u0105\u0142 udzia\u0142 w obchodach 85-lecia Polskiego Zwi\u0105zku \u0141owieckiego na Zamku w Gniewie.<\/p>\n","protected":false},"author":1,"featured_media":0,"comment_status":"open","ping_status":"open","sticky":false,"template":"","format":"standard","meta":[],"categories":[2,4],"tags":[],"_links":{"self":[{"href":"http:\/\/b-borusewicz.pl\/index.php\/wp-json\/wp\/v2\/posts\/1581"}],"collection":[{"href":"http:\/\/b-borusewicz.pl\/index.php\/wp-json\/wp\/v2\/posts"}],"about":[{"href":"http:\/\/b-borusewicz.pl\/index.php\/wp-json\/wp\/v2\/types\/post"}],"author":[{"embeddable":true,"href":"http:\/\/b-borusewicz.pl\/index.php\/wp-json\/wp\/v2\/users\/1"}],"replies":[{"embeddable":true,"href":"http:\/\/b-borusewicz.pl\/index.php\/wp-json\/wp\/v2\/comments?post=1581"}],"version-history":[{"count":0,"href":"http:\/\/b-borusewicz.pl\/index.php\/wp-json\/wp\/v2\/posts\/1581\/revisions"}],"wp:attachment":[{"href":"http:\/\/b-borusewicz.pl\/index.php\/wp-json\/wp\/v2\/media?parent=1581"}],"wp:term":[{"taxonomy":"category","embeddable":true,"href":"http:\/\/b-borusewicz.pl\/index.php\/wp-json\/wp\/v2\/categories?post=1581"},{"taxonomy":"post_tag","embeddable":true,"href":"http:\/\/b-borusewicz.pl\/index.php\/wp-json\/wp\/v2\/tags?post=1581"}],"curies":[{"name":"wp","href":"https:\/\/api.w.org\/{rel}","templated":true}]}}