{"id":1578,"date":"2008-10-13T00:00:00","date_gmt":"2008-10-13T00:00:00","guid":{"rendered":"http:\/\/b.borusewicz.pl\/index.php\/2008\/10\/13\/spotkanie-z-grupa-mlodziezy-z-ukrainy-bialorusi-i-moldowy\/"},"modified":"2016-10-26T12:49:14","modified_gmt":"2016-10-26T12:49:14","slug":"spotkanie-z-grupa-mlodziezy-z-ukrainy-bialorusi-i-moldowy","status":"publish","type":"post","link":"http:\/\/b-borusewicz.pl\/index.php\/2008\/10\/13\/spotkanie-z-grupa-mlodziezy-z-ukrainy-bialorusi-i-moldowy\/","title":{"rendered":"Spotkanie z grup\u0105 m\u0142odzie\u017cy z Ukrainy, Bia\u0142orusi i Mo\u0142dowy."},"content":{"rendered":"<p>Kilkunastoosobowa grupa m\u0142odzie\u017cy przyby\u0142a do naszego kraju do Centrum Wsp\u00f3\u0142pracy M\u0142odzie\u017cy w Gdyni w ramach projektu &#8222;Edukacja obywatelska w Europie Wschodniej&#8221;. <!--more--><\/p>\n<div id=\"Zawartosc\"><img src=\"http:\/\/b.borusewicz.pl\/wp-content\/uploads\/2008\/10\/w_304_medium.jpeg\" border=\"0\" class=\"ikona\"\/><\/p>\n<div class=\"Zajawka\"><\/div>\n<div class=\"Tresc\">W poniedzia\u0142ek 13 pa\u017adziernika w gda\u0144skim biurze odby\u0142o si\u0119 spotkanie  z Marsza\u0142kiem Senatu RP Bogdanem Borusewiczem. <\/p>\n<p>M\u0142odzi liderzy organizacji pozarz\u0105dowych z Ukrainy, Bia\u0142orusi i Mo\u0142dowy pytali mi\u0119dzy innymi o rol\u0119 Senatu i zastanawiali si\u0119 czy i jak powinien funkcjonowa\u0107 Senat gdyby powsta\u0142 u nich, jak wygl\u0105daj\u0105 szanse ich kraj\u00f3w na wst\u0105pienie do NATO i UE, i jak oceniane jest z perspektywy Polski to co si\u0119 dzieje w ich krajach.<\/p>\n<p>W trwaj\u0105cej ponad godzin\u0119 m\u0105drej i rzeczowej dyskusji Pan Marsza\u0142ek nawi\u0105za\u0142 bardzo dobry kontakt z m\u0142odzie\u017c\u0105.<\/p>\n<\/div>\n<p><img src=\"http:\/\/b.borusewicz.pl\/wp-content\/uploads\/2008\/10\/w_304_a.jpeg\" border=\"1\" class=\"foto\"\/><img src=\"http:\/\/b.borusewicz.pl\/wp-content\/uploads\/2008\/10\/w_304_b.jpeg\" border=\"1\" class=\"foto\"\/><img src=\"http:\/\/b.borusewicz.pl\/wp-content\/uploads\/2008\/10\/w_304_c.jpeg\" border=\"1\" class=\"foto\"\/><img src=\"http:\/\/b.borusewicz.pl\/wp-content\/uploads\/2008\/10\/w_304_d.jpeg\" border=\"1\" class=\"foto\"\/>\n<\/div>\n","protected":false},"excerpt":{"rendered":"<p>Kilkunastoosobowa grupa m\u0142odzie\u017cy przyby\u0142a do naszego kraju do Centrum Wsp\u00f3\u0142pracy M\u0142odzie\u017cy w Gdyni w ramach projektu &#8222;Edukacja obywatelska w Europie Wschodniej&#8221;. <\/p>\n","protected":false},"author":1,"featured_media":2147,"comment_status":"open","ping_status":"open","sticky":false,"template":"","format":"standard","meta":[],"categories":[2,4],"tags":[],"_links":{"self":[{"href":"http:\/\/b-borusewicz.pl\/index.php\/wp-json\/wp\/v2\/posts\/1578"}],"collection":[{"href":"http:\/\/b-borusewicz.pl\/index.php\/wp-json\/wp\/v2\/posts"}],"about":[{"href":"http:\/\/b-borusewicz.pl\/index.php\/wp-json\/wp\/v2\/types\/post"}],"author":[{"embeddable":true,"href":"http:\/\/b-borusewicz.pl\/index.php\/wp-json\/wp\/v2\/users\/1"}],"replies":[{"embeddable":true,"href":"http:\/\/b-borusewicz.pl\/index.php\/wp-json\/wp\/v2\/comments?post=1578"}],"version-history":[{"count":1,"href":"http:\/\/b-borusewicz.pl\/index.php\/wp-json\/wp\/v2\/posts\/1578\/revisions"}],"predecessor-version":[{"id":2152,"href":"http:\/\/b-borusewicz.pl\/index.php\/wp-json\/wp\/v2\/posts\/1578\/revisions\/2152"}],"wp:featuredmedia":[{"embeddable":true,"href":"http:\/\/b-borusewicz.pl\/index.php\/wp-json\/wp\/v2\/media\/2147"}],"wp:attachment":[{"href":"http:\/\/b-borusewicz.pl\/index.php\/wp-json\/wp\/v2\/media?parent=1578"}],"wp:term":[{"taxonomy":"category","embeddable":true,"href":"http:\/\/b-borusewicz.pl\/index.php\/wp-json\/wp\/v2\/categories?post=1578"},{"taxonomy":"post_tag","embeddable":true,"href":"http:\/\/b-borusewicz.pl\/index.php\/wp-json\/wp\/v2\/tags?post=1578"}],"curies":[{"name":"wp","href":"https:\/\/api.w.org\/{rel}","templated":true}]}}