{"id":1572,"date":"2008-09-21T00:00:00","date_gmt":"2008-09-21T00:00:00","guid":{"rendered":"http:\/\/b.borusewicz.pl\/index.php\/2008\/09\/21\/viii-jarmark-cysterski-w-pelplinie\/"},"modified":"2016-10-26T12:49:08","modified_gmt":"2016-10-26T12:49:08","slug":"viii-jarmark-cysterski-w-pelplinie","status":"publish","type":"post","link":"http:\/\/b-borusewicz.pl\/index.php\/2008\/09\/21\/viii-jarmark-cysterski-w-pelplinie\/","title":{"rendered":"VIII Jarmark Cysterski w Pelplinie."},"content":{"rendered":"<p>W niedziel\u0119 21 wrze\u015bnia Marsza\u0142ek Senatu RP odwiedzi\u0142 Pelplin.<br \/>\nPo Mszy \u015awi\u0119tej w przepi\u0119knej katedrze Pelpli\u0144skiej zgromadzeni mieli okazj\u0119 wys\u0142ucha\u0107 koncertu fina\u0142owego II Przegl\u0105du M\u0142odzie\u017cowych Zespo\u0142\u00f3w Muzyki Dawnej.<!--more--><\/p>\n<div id=\"Zawartosc\"><img src=\"http:\/\/b.borusewicz.pl\/wp-content\/uploads\/2008\/09\/w_293_medium.jpeg\" border=\"0\" class=\"ikona\"\/><\/p>\n<div class=\"Zajawka\">W niedziel\u0119 21 wrze\u015bnia Marsza\u0142ek Senatu RP odwiedzi\u0142 Pelplin.<br \/>\nPo Mszy \u015awi\u0119tej w przepi\u0119knej katedrze Pelpli\u0144skiej zgromadzeni mieli okazj\u0119 wys\u0142ucha\u0107 koncertu fina\u0142owego II Przegl\u0105du M\u0142odzie\u017cowych Zespo\u0142\u00f3w Muzyki Dawnej.<\/div>\n<div class=\"Tresc\">Nast\u0119pnie, w auli Wy\u017cszego Seminarium Duchownego odby\u0142o si\u0119 spotkanie w\u0142odarzy wojew\u00f3dztwa pomorskiego, powiatu tczewskiego, miasta i gminy Pelplin oraz gmin Pomorskiej P\u0119tli Szlaku Cysterskiego oraz inauguracja Europejskich Dni Dziedzictwa Wojew\u00f3dztwa Pomorskiego. <\/p>\n<p>Otwieraj\u0105c spotkanie Bogdan Borusewicz podkre\u015bli\u0142, \u017ce tak \u015bwietne obchody s\u0105 mo\u017cliwe dzi\u0119ki harmonijnej wsp\u00f3\u0142pracy w\u0142adz samorz\u0105dowych wszystkich szczebli ze stron\u0105 ko\u015bcieln\u0105. Do\u015b\u0107 powiedzie\u0107, \u017ce przewodnicz\u0105ca komitetu organizacyjnego pani Alicja S\u0142yszewska na co dzie\u0144 kieruje Diecezjalnym Centrum Informacji Turystycznej powo\u0142anym rok temu przez ksi\u0119dza biskupa pelpli\u0144skiego prof. Jana Bernarda Szlag\u0119. <\/p>\n<p>Po obradach barwny orszak w historycznych strojach przemaszerowa\u0142 przez miasto, a burmistrz Pelplina  symbolicznie przekaza\u0142 gospodarzom VIII Jarmarku Cysterskiego klucze od miasta. Rozpocz\u0119\u0142y si\u0119 wyst\u0119py artystyczne i odwiedzanie stragan\u00f3w ( w tym stragan\u00f3w z jad\u0142em, miodami pitnymi i innymi napitkami).<\/p><\/div>\n<p><img src=\"http:\/\/b.borusewicz.pl\/wp-content\/uploads\/2008\/09\/w_293_a.jpeg\" border=\"1\" class=\"foto\"\/><img src=\"http:\/\/b.borusewicz.pl\/wp-content\/uploads\/2008\/09\/w_293_b.jpeg\" border=\"1\" class=\"foto\"\/><img src=\"http:\/\/b.borusewicz.pl\/wp-content\/uploads\/2008\/09\/w_293_c.jpeg\" border=\"1\" class=\"foto\"\/><img src=\"http:\/\/b.borusewicz.pl\/wp-content\/uploads\/2008\/09\/w_293_d.jpeg\" border=\"1\" class=\"foto\"\/><img src=\"http:\/\/b.borusewicz.pl\/wp-content\/uploads\/2008\/09\/w_293_e.jpeg\" border=\"1\" class=\"foto\"\/>\n<\/div>\n","protected":false},"excerpt":{"rendered":"<p>W niedziel\u0119 21 wrze\u015bnia Marsza\u0142ek Senatu RP odwiedzi\u0142 Pelplin.<br \/>\nPo Mszy \u015awi\u0119tej w przepi\u0119knej katedrze Pelpli\u0144skiej zgromadzeni mieli okazj\u0119 wys\u0142ucha\u0107 koncertu fina\u0142owego II Przegl\u0105du M\u0142odzie\u017cowych Zespo\u0142\u00f3w Muzyki Dawnej.<\/p>\n","protected":false},"author":1,"featured_media":2121,"comment_status":"open","ping_status":"open","sticky":false,"template":"","format":"standard","meta":[],"categories":[2,4],"tags":[],"_links":{"self":[{"href":"http:\/\/b-borusewicz.pl\/index.php\/wp-json\/wp\/v2\/posts\/1572"}],"collection":[{"href":"http:\/\/b-borusewicz.pl\/index.php\/wp-json\/wp\/v2\/posts"}],"about":[{"href":"http:\/\/b-borusewicz.pl\/index.php\/wp-json\/wp\/v2\/types\/post"}],"author":[{"embeddable":true,"href":"http:\/\/b-borusewicz.pl\/index.php\/wp-json\/wp\/v2\/users\/1"}],"replies":[{"embeddable":true,"href":"http:\/\/b-borusewicz.pl\/index.php\/wp-json\/wp\/v2\/comments?post=1572"}],"version-history":[{"count":1,"href":"http:\/\/b-borusewicz.pl\/index.php\/wp-json\/wp\/v2\/posts\/1572\/revisions"}],"predecessor-version":[{"id":2127,"href":"http:\/\/b-borusewicz.pl\/index.php\/wp-json\/wp\/v2\/posts\/1572\/revisions\/2127"}],"wp:featuredmedia":[{"embeddable":true,"href":"http:\/\/b-borusewicz.pl\/index.php\/wp-json\/wp\/v2\/media\/2121"}],"wp:attachment":[{"href":"http:\/\/b-borusewicz.pl\/index.php\/wp-json\/wp\/v2\/media?parent=1572"}],"wp:term":[{"taxonomy":"category","embeddable":true,"href":"http:\/\/b-borusewicz.pl\/index.php\/wp-json\/wp\/v2\/categories?post=1572"},{"taxonomy":"post_tag","embeddable":true,"href":"http:\/\/b-borusewicz.pl\/index.php\/wp-json\/wp\/v2\/tags?post=1572"}],"curies":[{"name":"wp","href":"https:\/\/api.w.org\/{rel}","templated":true}]}}