{"id":1569,"date":"2008-09-04T00:00:00","date_gmt":"2008-09-04T00:00:00","guid":{"rendered":"http:\/\/b.borusewicz.pl\/index.php\/2008\/09\/04\/spotkanie-w-zespole-szkol-plastycznych-w-gdyni-orlowie\/"},"modified":"2016-10-26T12:49:05","modified_gmt":"2016-10-26T12:49:05","slug":"spotkanie-w-zespole-szkol-plastycznych-w-gdyni-orlowie","status":"publish","type":"post","link":"http:\/\/b-borusewicz.pl\/index.php\/2008\/09\/04\/spotkanie-w-zespole-szkol-plastycznych-w-gdyni-orlowie\/","title":{"rendered":"Spotkanie w Zespole Szk\u00f3\u0142 Plastycznych w Gdyni-Or\u0142owie"},"content":{"rendered":"<p>W czwartek 4-go wrze\u015bnia Marsza\u0142ek Senatu RP Bogdan Borusewicz  w zabytkowym budynku nad morzem spotka\u0142 si\u0119 z m\u0142odzie\u017c\u0105 i dyrekcj\u0105 Zespo\u0142u Szk\u00f3\u0142 Plastycznych w Or\u0142owie. <!--more--><\/p>\n<div id=\"Zawartosc\"><img src=\"http:\/\/b.borusewicz.pl\/wp-content\/uploads\/2008\/09\/w_288_medium.jpeg\" border=\"0\" class=\"ikona\"\/><\/p>\n<div class=\"Zajawka\"><\/div>\n<div class=\"Tresc\">Dla licznie zgromadzonej m\u0142odzie\u017cy by\u0142o to spotkanie z \u017cyw\u0105 histori\u0105, tym bardziej, \u017ce spotkanie odbywa\u0142o si\u0119 w\u015br\u00f3d plansz  wystawy ?Wolne Zwi\u0105zki Zawodowe obro\u0144c\u0105 praw robotnik\u00f3w?, z kt\u00f3rych ze \u015bciany spogl\u0105da\u0142 na nich m.in. m\u0142odszy o 30 lat Bogdan Borusewicz i Alina Pie\u0144kowska.<\/p>\n<p>Niezwyk\u0142o\u015b\u0107 spotkania pot\u0119gowa\u0142 fakt, \u017ce dzisiejszy Marsza\u0142ek Senatu RP uczy\u0142 si\u0119 i zdawa\u0142 matur\u0119 w\u0142a\u015bnie w tej szkole, a na spotkanie przysz\u0142a jego \u00f3wczesna wychowawczyni Olga Janiak oraz polonistka Maria Morawska. <\/p>\n<p>M\u0142odzie\u017c s\u0142ucha\u0142a  ciekawych wspomnie\u0144 o atmosferze tamtych dni, o postawach koleg\u00f3w i nauczycieli i o  tym jak w 1968 roku za napisanie kilkudziesi\u0119ciu ulotek zosta\u0142 uwi\u0119ziony na kilka miesi\u0119cy, a mimo tego uzyska\u0142 promocj\u0119 do nast\u0119pnej klasy.<\/p>\n<p>Spotkanie zako\u0144czy\u0142o si\u0119 seri\u0105 pyta\u0144 z sali, na kt\u00f3re Bogdan Borusewicz wyczerpuj\u0105co, prosto odpowiada\u0142.<\/p>\n<p>Po spotkaniu dyrektor Tomasz Lis zaprosi\u0142 Pana Marsza\u0142ka do obejrzenia pomieszcze\u0144 pracowni szkolnych, kt\u00f3re s\u0105 du\u017co lepsze ni\u017c dawniej. <\/p><\/div>\n<p><img src=\"http:\/\/b.borusewicz.pl\/wp-content\/uploads\/2008\/09\/w_288_a.jpeg\" border=\"1\" class=\"foto\"\/><img src=\"http:\/\/b.borusewicz.pl\/wp-content\/uploads\/2008\/09\/w_288_b.jpeg\" border=\"1\" class=\"foto\"\/><img src=\"http:\/\/b.borusewicz.pl\/wp-content\/uploads\/2008\/09\/w_288_c.jpeg\" border=\"1\" class=\"foto\"\/><img src=\"http:\/\/b.borusewicz.pl\/wp-content\/uploads\/2008\/09\/w_288_d.jpeg\" border=\"1\" class=\"foto\"\/><img src=\"http:\/\/b.borusewicz.pl\/wp-content\/uploads\/2008\/09\/w_288_e.jpeg\" border=\"1\" class=\"foto\"\/>\n<\/div>\n","protected":false},"excerpt":{"rendered":"<p>W czwartek 4-go wrze\u015bnia Marsza\u0142ek Senatu RP Bogdan Borusewicz  w zabytkowym budynku nad morzem spotka\u0142 si\u0119 z m\u0142odzie\u017c\u0105 i dyrekcj\u0105 Zespo\u0142u Szk\u00f3\u0142 Plastycznych w Or\u0142owie. <\/p>\n","protected":false},"author":1,"featured_media":2104,"comment_status":"open","ping_status":"open","sticky":false,"template":"","format":"standard","meta":[],"categories":[2,4],"tags":[],"_links":{"self":[{"href":"http:\/\/b-borusewicz.pl\/index.php\/wp-json\/wp\/v2\/posts\/1569"}],"collection":[{"href":"http:\/\/b-borusewicz.pl\/index.php\/wp-json\/wp\/v2\/posts"}],"about":[{"href":"http:\/\/b-borusewicz.pl\/index.php\/wp-json\/wp\/v2\/types\/post"}],"author":[{"embeddable":true,"href":"http:\/\/b-borusewicz.pl\/index.php\/wp-json\/wp\/v2\/users\/1"}],"replies":[{"embeddable":true,"href":"http:\/\/b-borusewicz.pl\/index.php\/wp-json\/wp\/v2\/comments?post=1569"}],"version-history":[{"count":1,"href":"http:\/\/b-borusewicz.pl\/index.php\/wp-json\/wp\/v2\/posts\/1569\/revisions"}],"predecessor-version":[{"id":2110,"href":"http:\/\/b-borusewicz.pl\/index.php\/wp-json\/wp\/v2\/posts\/1569\/revisions\/2110"}],"wp:featuredmedia":[{"embeddable":true,"href":"http:\/\/b-borusewicz.pl\/index.php\/wp-json\/wp\/v2\/media\/2104"}],"wp:attachment":[{"href":"http:\/\/b-borusewicz.pl\/index.php\/wp-json\/wp\/v2\/media?parent=1569"}],"wp:term":[{"taxonomy":"category","embeddable":true,"href":"http:\/\/b-borusewicz.pl\/index.php\/wp-json\/wp\/v2\/categories?post=1569"},{"taxonomy":"post_tag","embeddable":true,"href":"http:\/\/b-borusewicz.pl\/index.php\/wp-json\/wp\/v2\/tags?post=1569"}],"curies":[{"name":"wp","href":"https:\/\/api.w.org\/{rel}","templated":true}]}}