{"id":1567,"date":"2008-09-01T00:00:00","date_gmt":"2008-09-01T00:00:00","guid":{"rendered":"http:\/\/b.borusewicz.pl\/index.php\/2008\/09\/01\/rozpoczecie-roku-szkolnego-wojewodztwa-pomorskiego-w-lubichowie\/"},"modified":"2016-10-26T12:49:03","modified_gmt":"2016-10-26T12:49:03","slug":"rozpoczecie-roku-szkolnego-wojewodztwa-pomorskiego-w-lubichowie","status":"publish","type":"post","link":"http:\/\/b-borusewicz.pl\/index.php\/2008\/09\/01\/rozpoczecie-roku-szkolnego-wojewodztwa-pomorskiego-w-lubichowie\/","title":{"rendered":"Rozpocz\u0119cie roku szkolnego wojew\u00f3dztwa pomorskiego w Lubichowie."},"content":{"rendered":"<p>Prosto z  centralnych uroczysto\u015bci Marsza\u0142ek Bogdan Borusewicz przyjecha\u0142 do Lubichowa na Kociewiu na uroczysto\u015bci wojew\u00f3dzkie po\u0142\u0105czone z oddaniem kompleksu sportowo-socjalnego w Publicznym Gimnazjum im. Ks. Kardyna\u0142a Stefana Wyszy\u0144skiego. <!--more--><\/p>\n<div id=\"Zawartosc\"><img src=\"http:\/\/b.borusewicz.pl\/wp-content\/uploads\/2008\/09\/w_285_medium.jpeg\" border=\"0\" class=\"ikona\"\/><\/p>\n<div class=\"Zajawka\"><\/div>\n<div class=\"Tresc\"><\/div>\n<p><img src=\"http:\/\/b.borusewicz.pl\/wp-content\/uploads\/2008\/09\/w_285_a.jpeg\" border=\"1\" class=\"foto\"\/><img src=\"http:\/\/b.borusewicz.pl\/wp-content\/uploads\/2008\/09\/w_285_b.jpeg\" border=\"1\" class=\"foto\"\/><img src=\"http:\/\/b.borusewicz.pl\/wp-content\/uploads\/2008\/09\/w_285_c.jpeg\" border=\"1\" class=\"foto\"\/><img src=\"http:\/\/b.borusewicz.pl\/wp-content\/uploads\/2008\/09\/w_285_d.jpeg\" border=\"1\" class=\"foto\"\/><img src=\"http:\/\/b.borusewicz.pl\/wp-content\/uploads\/2008\/09\/w_285_e.jpeg\" border=\"1\" class=\"foto\"\/>\n<\/div>\n","protected":false},"excerpt":{"rendered":"<p>Prosto z  centralnych uroczysto\u015bci Marsza\u0142ek Bogdan Borusewicz przyjecha\u0142 do Lubichowa na Kociewiu na uroczysto\u015bci wojew\u00f3dzkie po\u0142\u0105czone z oddaniem kompleksu sportowo-socjalnego w Publicznym Gimnazjum im. Ks. Kardyna\u0142a Stefana Wyszy\u0144skiego. <\/p>\n","protected":false},"author":1,"featured_media":2091,"comment_status":"open","ping_status":"open","sticky":false,"template":"","format":"standard","meta":[],"categories":[2,4],"tags":[],"_links":{"self":[{"href":"http:\/\/b-borusewicz.pl\/index.php\/wp-json\/wp\/v2\/posts\/1567"}],"collection":[{"href":"http:\/\/b-borusewicz.pl\/index.php\/wp-json\/wp\/v2\/posts"}],"about":[{"href":"http:\/\/b-borusewicz.pl\/index.php\/wp-json\/wp\/v2\/types\/post"}],"author":[{"embeddable":true,"href":"http:\/\/b-borusewicz.pl\/index.php\/wp-json\/wp\/v2\/users\/1"}],"replies":[{"embeddable":true,"href":"http:\/\/b-borusewicz.pl\/index.php\/wp-json\/wp\/v2\/comments?post=1567"}],"version-history":[{"count":1,"href":"http:\/\/b-borusewicz.pl\/index.php\/wp-json\/wp\/v2\/posts\/1567\/revisions"}],"predecessor-version":[{"id":2097,"href":"http:\/\/b-borusewicz.pl\/index.php\/wp-json\/wp\/v2\/posts\/1567\/revisions\/2097"}],"wp:featuredmedia":[{"embeddable":true,"href":"http:\/\/b-borusewicz.pl\/index.php\/wp-json\/wp\/v2\/media\/2091"}],"wp:attachment":[{"href":"http:\/\/b-borusewicz.pl\/index.php\/wp-json\/wp\/v2\/media?parent=1567"}],"wp:term":[{"taxonomy":"category","embeddable":true,"href":"http:\/\/b-borusewicz.pl\/index.php\/wp-json\/wp\/v2\/categories?post=1567"},{"taxonomy":"post_tag","embeddable":true,"href":"http:\/\/b-borusewicz.pl\/index.php\/wp-json\/wp\/v2\/tags?post=1567"}],"curies":[{"name":"wp","href":"https:\/\/api.w.org\/{rel}","templated":true}]}}