{"id":1566,"date":"2008-09-01T00:00:00","date_gmt":"2008-09-01T00:00:00","guid":{"rendered":"http:\/\/b.borusewicz.pl\/index.php\/2008\/09\/01\/centralne-obchody-rozpoczecia-roku-szkolnego-w-przodkowie\/"},"modified":"2016-10-26T12:49:01","modified_gmt":"2016-10-26T12:49:01","slug":"centralne-obchody-rozpoczecia-roku-szkolnego-w-przodkowie","status":"publish","type":"post","link":"http:\/\/b-borusewicz.pl\/index.php\/2008\/09\/01\/centralne-obchody-rozpoczecia-roku-szkolnego-w-przodkowie\/","title":{"rendered":"Centralne obchody rozpocz\u0119cia roku szkolnego w Przodkowie."},"content":{"rendered":"<p>Marsza\u0142ek Senatu RP Bogdan Borusewicz  1 wrze\u015bnia 2008 roku o godzinie 9.oo   wraz z Premierem RP Donaldem Tuskiem, ministrem o\u015bwiaty, ministrem sportu, w obecno\u015bci w\u0142adz wojew\u00f3dzkich i licznie zgromadzonych przedstawicieli samorz\u0105d\u00f3w wszystkich szczebli, wzi\u0105\u0142 udzia\u0142 w centralnej inauguracji roku szkolnego 2008\/2009.<!--more--><\/p>\n<div id=\"Zawartosc\"><img src=\"http:\/\/b.borusewicz.pl\/wp-content\/uploads\/2008\/09\/w_284_medium.jpeg\" border=\"0\" class=\"ikona\"\/><\/p>\n<div class=\"Zajawka\"><\/div>\n<div class=\"Tresc\"><\/div>\n<p><img src=\"http:\/\/b.borusewicz.pl\/wp-content\/uploads\/2008\/09\/w_284_a.jpeg\" border=\"1\" class=\"foto\"\/><img src=\"http:\/\/b.borusewicz.pl\/wp-content\/uploads\/2008\/09\/w_284_b.jpeg\" border=\"1\" class=\"foto\"\/><img src=\"http:\/\/b.borusewicz.pl\/wp-content\/uploads\/2008\/09\/w_284_c.jpeg\" border=\"1\" class=\"foto\"\/><img src=\"http:\/\/b.borusewicz.pl\/wp-content\/uploads\/2008\/09\/w_284_d.jpeg\" border=\"1\" class=\"foto\"\/>\n<\/div>\n","protected":false},"excerpt":{"rendered":"<p>Marsza\u0142ek Senatu RP Bogdan Borusewicz  1 wrze\u015bnia 2008 roku o godzinie 9.oo   wraz z Premierem RP Donaldem Tuskiem, ministrem o\u015bwiaty, ministrem sportu, w obecno\u015bci w\u0142adz wojew\u00f3dzkich i licznie zgromadzonych przedstawicieli samorz\u0105d\u00f3w wszystkich szczebli, wzi\u0105\u0142 udzia\u0142 w centralnej inauguracji roku szkolnego 2008\/2009.<\/p>\n","protected":false},"author":1,"featured_media":2085,"comment_status":"open","ping_status":"open","sticky":false,"template":"","format":"standard","meta":[],"categories":[2,4],"tags":[],"_links":{"self":[{"href":"http:\/\/b-borusewicz.pl\/index.php\/wp-json\/wp\/v2\/posts\/1566"}],"collection":[{"href":"http:\/\/b-borusewicz.pl\/index.php\/wp-json\/wp\/v2\/posts"}],"about":[{"href":"http:\/\/b-borusewicz.pl\/index.php\/wp-json\/wp\/v2\/types\/post"}],"author":[{"embeddable":true,"href":"http:\/\/b-borusewicz.pl\/index.php\/wp-json\/wp\/v2\/users\/1"}],"replies":[{"embeddable":true,"href":"http:\/\/b-borusewicz.pl\/index.php\/wp-json\/wp\/v2\/comments?post=1566"}],"version-history":[{"count":1,"href":"http:\/\/b-borusewicz.pl\/index.php\/wp-json\/wp\/v2\/posts\/1566\/revisions"}],"predecessor-version":[{"id":2090,"href":"http:\/\/b-borusewicz.pl\/index.php\/wp-json\/wp\/v2\/posts\/1566\/revisions\/2090"}],"wp:featuredmedia":[{"embeddable":true,"href":"http:\/\/b-borusewicz.pl\/index.php\/wp-json\/wp\/v2\/media\/2085"}],"wp:attachment":[{"href":"http:\/\/b-borusewicz.pl\/index.php\/wp-json\/wp\/v2\/media?parent=1566"}],"wp:term":[{"taxonomy":"category","embeddable":true,"href":"http:\/\/b-borusewicz.pl\/index.php\/wp-json\/wp\/v2\/categories?post=1566"},{"taxonomy":"post_tag","embeddable":true,"href":"http:\/\/b-borusewicz.pl\/index.php\/wp-json\/wp\/v2\/tags?post=1566"}],"curies":[{"name":"wp","href":"https:\/\/api.w.org\/{rel}","templated":true}]}}