{"id":1562,"date":"2008-08-29T00:00:00","date_gmt":"2008-08-29T00:00:00","guid":{"rendered":"http:\/\/b.borusewicz.pl\/index.php\/2008\/08\/29\/konferencja-wokol-rzek\/"},"modified":"2016-10-26T12:48:56","modified_gmt":"2016-10-26T12:48:56","slug":"konferencja-wokol-rzek","status":"publish","type":"post","link":"http:\/\/b-borusewicz.pl\/index.php\/2008\/08\/29\/konferencja-wokol-rzek\/","title":{"rendered":"Konferencja ? Wok\u00f3\u0142 rzek?"},"content":{"rendered":"<p>29 sierpnia 2008 Marsza\u0142ek Senatu Bogdan Borusewicz by\u0142 w Nowym Dworze Gda\u0144skim, gdzie na zaproszenie Burmistrza wzi\u0105\u0142 udzia\u0142 w konferencji zorganizowanej w ramach Roku \u017bu\u0142aw 2008.<!--more--><\/p>\n<div id=\"Zawartosc\"><img src=\"http:\/\/b.borusewicz.pl\/wp-content\/uploads\/2008\/08\/w_280_medium.jpeg\" border=\"0\" class=\"ikona\"\/><\/p>\n<div class=\"Zajawka\"><\/div>\n<div class=\"Tresc\">W ramach sesji wyk\u0142adowej konferencji ?Wok\u00f3\u0142 rzek? Jadwiga Klim z Centralnego Muzeum Morskiego przedstawi\u0142a zapomniane dziedzictwo \u017cu\u0142awskiej \u017ceglugi \u015br\u00f3dl\u0105dowej, a dr Micha\u0142 Buli\u0144ski przedstawi\u0142 specyfik\u0119 unikalnej szaty ro\u015blinnej \u017bu\u0142aw Wi\u015blanych.<\/p>\n<p>Bardzo ciekawe nieznane szerzej szczeg\u00f3\u0142y z powojennej historii \u017bu\u0142aw jako ?ojczyzny przybysz\u00f3w? przedstawi\u0142 dr in\u017c. Kazimierz Cebulak. Przypomnia\u0142, \u017ce w 1949 roku po zako\u0144czeniu osuszania \u017bu\u0142aw, wi\u0119kszo\u015b\u0107 kieruj\u0105cych pracami fachowc\u00f3w zosta\u0142a aresztowana otrzymuj\u0105c wyroki 15 i 12 lat.<\/p>\n<p>M\u00f3wi\u0105c o muzeum hydrotechniki dr Kazimierz Cebulak postawi\u0142  tez\u0119, \u017ce na \u017bu\u0142awach mo\u017cna odnale\u017a\u0107 tak wiele dawnych urz\u0105dze\u0144 hydrotechnicznych, \u017ce w\u0142a\u015bciwie ca\u0142e \u017bu\u0142awy to otwarte muzeum.<\/p>\n<p>Po sesji Pan Marsza\u0142ek zwiedzi\u0142 utworzone par\u0119 lat temu miejscowe Muzeum w Nowym Dworze.<\/p>\n<p>Ale dopiero przep\u0142yni\u0119cie rzek\u0105 Tug\u0105 da\u0142o mo\u017cliwo\u015b\u0107 obejrzenia unikalnych ro\u015blin, o kt\u00f3rych by\u0142a mowa podczas wyk\u0142adu oraz unaoczni\u0142o jak interesuj\u0105ca jest obecno\u015b\u0107 przep\u0142ywaj\u0105cej przez miasto wody.<\/div>\n<p><img src=\"http:\/\/b.borusewicz.pl\/wp-content\/uploads\/2008\/08\/w_280_a.jpeg\" border=\"1\" class=\"foto\"\/><img src=\"http:\/\/b.borusewicz.pl\/wp-content\/uploads\/2008\/08\/w_280_b.jpeg\" border=\"1\" class=\"foto\"\/><img src=\"http:\/\/b.borusewicz.pl\/wp-content\/uploads\/2008\/08\/w_280_c.jpeg\" border=\"1\" class=\"foto\"\/><img src=\"http:\/\/b.borusewicz.pl\/wp-content\/uploads\/2008\/08\/w_280_d.jpeg\" border=\"1\" class=\"foto\"\/>\n<\/div>\n","protected":false},"excerpt":{"rendered":"<p>29 sierpnia 2008 Marsza\u0142ek Senatu Bogdan Borusewicz by\u0142 w Nowym Dworze Gda\u0144skim, gdzie na zaproszenie Burmistrza wzi\u0105\u0142 udzia\u0142 w konferencji zorganizowanej w ramach Roku \u017bu\u0142aw 2008.<\/p>\n","protected":false},"author":1,"featured_media":2067,"comment_status":"open","ping_status":"open","sticky":false,"template":"","format":"standard","meta":[],"categories":[2,4],"tags":[],"_links":{"self":[{"href":"http:\/\/b-borusewicz.pl\/index.php\/wp-json\/wp\/v2\/posts\/1562"}],"collection":[{"href":"http:\/\/b-borusewicz.pl\/index.php\/wp-json\/wp\/v2\/posts"}],"about":[{"href":"http:\/\/b-borusewicz.pl\/index.php\/wp-json\/wp\/v2\/types\/post"}],"author":[{"embeddable":true,"href":"http:\/\/b-borusewicz.pl\/index.php\/wp-json\/wp\/v2\/users\/1"}],"replies":[{"embeddable":true,"href":"http:\/\/b-borusewicz.pl\/index.php\/wp-json\/wp\/v2\/comments?post=1562"}],"version-history":[{"count":1,"href":"http:\/\/b-borusewicz.pl\/index.php\/wp-json\/wp\/v2\/posts\/1562\/revisions"}],"predecessor-version":[{"id":2072,"href":"http:\/\/b-borusewicz.pl\/index.php\/wp-json\/wp\/v2\/posts\/1562\/revisions\/2072"}],"wp:featuredmedia":[{"embeddable":true,"href":"http:\/\/b-borusewicz.pl\/index.php\/wp-json\/wp\/v2\/media\/2067"}],"wp:attachment":[{"href":"http:\/\/b-borusewicz.pl\/index.php\/wp-json\/wp\/v2\/media?parent=1562"}],"wp:term":[{"taxonomy":"category","embeddable":true,"href":"http:\/\/b-borusewicz.pl\/index.php\/wp-json\/wp\/v2\/categories?post=1562"},{"taxonomy":"post_tag","embeddable":true,"href":"http:\/\/b-borusewicz.pl\/index.php\/wp-json\/wp\/v2\/tags?post=1562"}],"curies":[{"name":"wp","href":"https:\/\/api.w.org\/{rel}","templated":true}]}}