{"id":1558,"date":"2008-06-02T00:00:00","date_gmt":"2008-06-02T00:00:00","guid":{"rendered":"http:\/\/b.borusewicz.pl\/index.php\/2008\/06\/02\/spotkanie-marszalka-z-mlodzieza\/"},"modified":"2016-10-26T12:48:53","modified_gmt":"2016-10-26T12:48:53","slug":"spotkanie-marszalka-z-mlodzieza","status":"publish","type":"post","link":"http:\/\/b-borusewicz.pl\/index.php\/2008\/06\/02\/spotkanie-marszalka-z-mlodzieza\/","title":{"rendered":"Spotkanie Marsza\u0142ka z m\u0142odzie\u017c\u0105"},"content":{"rendered":"<p>W dniu 2 czerwca br. kolejna grupa m\u0142odzie\u017cy studenckiej z Ukrainy, Bia\u0142orusi i Rosji spotka\u0142a si\u0119 z marsza\u0142kiem  Senatu RP Bogdanem Borusewiczem. <!--more--><\/p>\n<div id=\"Zawartosc\"><img src=\"http:\/\/b.borusewicz.pl\/wp-content\/uploads\/2008\/06\/w_266_medium.jpeg\" border=\"0\" class=\"ikona\"\/><\/p>\n<div class=\"Zajawka\"><\/div>\n<div class=\"Tresc\">Studenci przebywali w Gda\u0144sku na dwunastodniowej wizycie studyjnej w ramach programu Study Tours to Poland finansowanego przez Polsko-Ameryka\u0144sk\u0105 Fundacj\u0119 Wolno\u015bci. <\/p>\n<p>W czasie spotkania poruszano tematy zwi\u0105zane z przemianami demokratycznymi w Polsce. Marsza\u0142ek przybli\u017cy\u0142 rol\u0119 ruchu solidarno\u015bciowego. Wskaza\u0142 najwi\u0119ksze osi\u0105gni\u0119cia a tak\u017ce pora\u017cki polskiej demokracji. <\/p>\n<p>M\u0142odzie\u017c interesowa\u0142a si\u0119  r\u00f3wnie\u017c kwestiami gospodarczymi. Szczeg\u00f3lnie te dotycz\u0105ce wsp\u00f3\u0142pracy gospodarczej z krajami Europy Wschodniej, Rosji i Ukrainy.<\/p>\n<p>A tak\u017ce tematyka Unii Europejskiej w kontek\u015bcie przysz\u0142ej akcesji Ukrainy. Pada\u0142y te\u017c pytania o charakterze filozoficznym, m.in. dotycz\u0105ce osobistego stosunku Marsza\u0142ka do pieni\u0105dza i do tw\u00f3rczo\u015bci w szerokim rozumieniu tego s\u0142owa.<\/p>\n<p>W odpowiedzi uczestnicy us\u0142yszeli, \u017ce Marsza\u0142ek jest osob\u0105 skromn\u0105 i w tym duchu te\u017c wychowa\u0142 swoje dzieci. A co do tw\u00f3rczo\u015bci, to ona w demokracji wed\u0142ug  Marsza\u0142ka, ma rol\u0119 bardzo ograniczon\u0105 z uwagi na kierowanie si\u0119 przepisami i normami prawnymi.<\/p>\n<p>Tekst: Nedim  Useinov<\/p>\n<\/div>\n<p><img src=\"http:\/\/b.borusewicz.pl\/wp-content\/uploads\/2008\/06\/w_266_a.jpeg\" border=\"1\" class=\"foto\"\/><img src=\"http:\/\/b.borusewicz.pl\/wp-content\/uploads\/2008\/06\/w_266_b.jpeg\" border=\"1\" class=\"foto\"\/><img src=\"http:\/\/b.borusewicz.pl\/wp-content\/uploads\/2008\/06\/w_266_c.jpeg\" border=\"1\" class=\"foto\"\/>\n<\/div>\n","protected":false},"excerpt":{"rendered":"<p>W dniu 2 czerwca br. kolejna grupa m\u0142odzie\u017cy studenckiej z Ukrainy, Bia\u0142orusi i Rosji spotka\u0142a si\u0119 z marsza\u0142kiem  Senatu RP Bogdanem Borusewiczem. <\/p>\n","protected":false},"author":1,"featured_media":2055,"comment_status":"open","ping_status":"open","sticky":false,"template":"","format":"standard","meta":[],"categories":[2,4],"tags":[],"_links":{"self":[{"href":"http:\/\/b-borusewicz.pl\/index.php\/wp-json\/wp\/v2\/posts\/1558"}],"collection":[{"href":"http:\/\/b-borusewicz.pl\/index.php\/wp-json\/wp\/v2\/posts"}],"about":[{"href":"http:\/\/b-borusewicz.pl\/index.php\/wp-json\/wp\/v2\/types\/post"}],"author":[{"embeddable":true,"href":"http:\/\/b-borusewicz.pl\/index.php\/wp-json\/wp\/v2\/users\/1"}],"replies":[{"embeddable":true,"href":"http:\/\/b-borusewicz.pl\/index.php\/wp-json\/wp\/v2\/comments?post=1558"}],"version-history":[{"count":1,"href":"http:\/\/b-borusewicz.pl\/index.php\/wp-json\/wp\/v2\/posts\/1558\/revisions"}],"predecessor-version":[{"id":2059,"href":"http:\/\/b-borusewicz.pl\/index.php\/wp-json\/wp\/v2\/posts\/1558\/revisions\/2059"}],"wp:featuredmedia":[{"embeddable":true,"href":"http:\/\/b-borusewicz.pl\/index.php\/wp-json\/wp\/v2\/media\/2055"}],"wp:attachment":[{"href":"http:\/\/b-borusewicz.pl\/index.php\/wp-json\/wp\/v2\/media?parent=1558"}],"wp:term":[{"taxonomy":"category","embeddable":true,"href":"http:\/\/b-borusewicz.pl\/index.php\/wp-json\/wp\/v2\/categories?post=1558"},{"taxonomy":"post_tag","embeddable":true,"href":"http:\/\/b-borusewicz.pl\/index.php\/wp-json\/wp\/v2\/tags?post=1558"}],"curies":[{"name":"wp","href":"https:\/\/api.w.org\/{rel}","templated":true}]}}