{"id":1556,"date":"2008-06-02T00:00:00","date_gmt":"2008-06-02T00:00:00","guid":{"rendered":"http:\/\/b.borusewicz.pl\/index.php\/2008\/06\/02\/dziedzictwo-kulturowe-zulaw-wislanych-a-rozwoj-turystyki\/"},"modified":"2016-10-26T12:48:48","modified_gmt":"2016-10-26T12:48:48","slug":"dziedzictwo-kulturowe-zulaw-wislanych-a-rozwoj-turystyki","status":"publish","type":"post","link":"http:\/\/b-borusewicz.pl\/index.php\/2008\/06\/02\/dziedzictwo-kulturowe-zulaw-wislanych-a-rozwoj-turystyki\/","title":{"rendered":"Dziedzictwo Kulturowe \u017bu\u0142aw Wi\u015blanych a rozw\u00f3j turystyki."},"content":{"rendered":"<p>2 czerwca w poniedzia\u0142ek  w Muzeum Narodowym w Gda\u0144sku odby\u0142a si\u0119 konferencja pt. ? Dziedzictwo Kulturowe a rozw\u00f3j turystyki \u017bu\u0142aw Wi\u015blanych ? przesz\u0142o\u015b\u0107, tera\u017aniejszo\u015b\u0107, przysz\u0142o\u015b\u0107?.<!--more--><\/p>\n<div id=\"Zawartosc\"><img src=\"http:\/\/b.borusewicz.pl\/wp-content\/uploads\/2008\/06\/w_263_medium.jpeg\" border=\"0\" class=\"ikona\"\/><\/p>\n<div class=\"Zajawka\"><\/div>\n<div class=\"Tresc\">Konferencja ta wpisuje si\u0119 w ca\u0142y ci\u0105g program\u00f3w i przedsi\u0119wzi\u0119\u0107 zwi\u0105zanych z og\u0142oszeniem  2008 roku jako ?Roku \u017bu\u0142aw?.<\/p>\n<p>Przemawiaj\u0105c na otwarciu Konferencji Marsza\u0142ek Senatu RP Bogdan Borusewicz zwr\u00f3ci\u0142 uwag\u0119 na bogactwo dziedzictwa kulturowego tego pi\u0119knego terenu, kt\u00f3ry na pewno jest warty wi\u0119kszego rozpropagowania.<\/p><\/div>\n<p><img src=\"http:\/\/b.borusewicz.pl\/wp-content\/uploads\/2008\/06\/w_263_a.jpeg\" border=\"1\" class=\"foto\"\/><img src=\"http:\/\/b.borusewicz.pl\/wp-content\/uploads\/2008\/06\/w_263_b.jpeg\" border=\"1\" class=\"foto\"\/><img src=\"http:\/\/b.borusewicz.pl\/wp-content\/uploads\/2008\/06\/w_263_c.jpeg\" border=\"1\" class=\"foto\"\/>\n<\/div>\n","protected":false},"excerpt":{"rendered":"<p>2 czerwca w poniedzia\u0142ek  w Muzeum Narodowym w Gda\u0144sku odby\u0142a si\u0119 konferencja pt. ? Dziedzictwo Kulturowe a rozw\u00f3j turystyki \u017bu\u0142aw Wi\u015blanych ? przesz\u0142o\u015b\u0107, tera\u017aniejszo\u015b\u0107, przysz\u0142o\u015b\u0107?.<\/p>\n","protected":false},"author":1,"featured_media":2045,"comment_status":"open","ping_status":"open","sticky":false,"template":"","format":"standard","meta":[],"categories":[2,4],"tags":[],"_links":{"self":[{"href":"http:\/\/b-borusewicz.pl\/index.php\/wp-json\/wp\/v2\/posts\/1556"}],"collection":[{"href":"http:\/\/b-borusewicz.pl\/index.php\/wp-json\/wp\/v2\/posts"}],"about":[{"href":"http:\/\/b-borusewicz.pl\/index.php\/wp-json\/wp\/v2\/types\/post"}],"author":[{"embeddable":true,"href":"http:\/\/b-borusewicz.pl\/index.php\/wp-json\/wp\/v2\/users\/1"}],"replies":[{"embeddable":true,"href":"http:\/\/b-borusewicz.pl\/index.php\/wp-json\/wp\/v2\/comments?post=1556"}],"version-history":[{"count":1,"href":"http:\/\/b-borusewicz.pl\/index.php\/wp-json\/wp\/v2\/posts\/1556\/revisions"}],"predecessor-version":[{"id":2049,"href":"http:\/\/b-borusewicz.pl\/index.php\/wp-json\/wp\/v2\/posts\/1556\/revisions\/2049"}],"wp:featuredmedia":[{"embeddable":true,"href":"http:\/\/b-borusewicz.pl\/index.php\/wp-json\/wp\/v2\/media\/2045"}],"wp:attachment":[{"href":"http:\/\/b-borusewicz.pl\/index.php\/wp-json\/wp\/v2\/media?parent=1556"}],"wp:term":[{"taxonomy":"category","embeddable":true,"href":"http:\/\/b-borusewicz.pl\/index.php\/wp-json\/wp\/v2\/categories?post=1556"},{"taxonomy":"post_tag","embeddable":true,"href":"http:\/\/b-borusewicz.pl\/index.php\/wp-json\/wp\/v2\/tags?post=1556"}],"curies":[{"name":"wp","href":"https:\/\/api.w.org\/{rel}","templated":true}]}}