{"id":1555,"date":"2006-03-27T00:00:00","date_gmt":"2006-03-27T00:00:00","guid":{"rendered":"http:\/\/b.borusewicz.pl\/index.php\/2006\/03\/27\/europejski-tydzien-stoczniowy\/"},"modified":"2006-03-27T00:00:00","modified_gmt":"2006-03-27T00:00:00","slug":"europejski-tydzien-stoczniowy","status":"publish","type":"post","link":"http:\/\/b-borusewicz.pl\/index.php\/2006\/03\/27\/europejski-tydzien-stoczniowy\/","title":{"rendered":"Europejski Tydzie\u0144 Stoczniowy"},"content":{"rendered":"<p>Konferencja pod patronatem honorowym marsza\u0142ka Senatu Bogdana Borusewicza ?Polski przemys\u0142 okr\u0119towy ? spojrzenie w przysz\u0142o\u015b\u0107? rozpocz\u0119\u0142a w Gda\u0144sku obchody Europejskiego Tygodnia Stoczniowego. <!--more--><\/p>\n<div id=\"Zawartosc\">\n<div class=\"Zajawka\"><\/div>\n<div class=\"Tresc\">Zainicjowany przez Europejski Okr\u0119towy Komitet Dialogu Spo\u0142ecznego projekt, ma na celu upowszechnienie w krajach Unii Europejskiej wiedzy o gospodarczej i spo\u0142ecznej roli przemys\u0142u okr\u0119towego, a tak\u017ce wskazanie atrakcyjno\u015bci stoczni jako miejsca pracy.<\/p>\n<p>Inauguracja Tygodnia Stoczniowego mia\u0142a miejsce 22 marca w siedzibie Parlamentu Europejskiego w Brukseli, gdzie odby\u0142a si\u0119 konferencja partner\u00f3w spo\u0142ecznych. <\/p>\n<p>Marsza\u0142ek Bogdan Borusewicz by\u0142 r\u00f3wnie\u017c go\u015bciem gda\u0144skiej konferencji, organizowanej przez Zwi\u0105zek Pracodawc\u00f3w Forum Okr\u0119towe ? organizacji b\u0119d\u0105cej r\u00f3wnocze\u015bnie koordynatorem obchod\u00f3w w Polsce oraz Wydzia\u0142 Oceanotechniki i Okr\u0119townictwa Politechniki Gda\u0144skiej. W rezolucji konferencji wskazano, i\u017c przemys\u0142 okr\u0119towy przyczynia si\u0119 poprzez rozwini\u0119t\u0105 technicznie baz\u0119 przemys\u0142ow\u0105 i wymagania wysokich kwalifikacji pracowniczych do osi\u0105gania przez Europ\u0119 wzrostu gospodarczego i zatrudnienia, a jego przysz\u0142o\u015b\u0107 zwi\u0105zana jest z innowacyjno\u015bci\u0105 i jako\u015bci\u0105 osi\u0105gan\u0105 dzi\u0119ki badaniom naukowym i wdra\u017caniu nowych rozwi\u0105za\u0144.   <\/p><\/div>\n<\/div>\n","protected":false},"excerpt":{"rendered":"<p>Konferencja pod patronatem honorowym marsza\u0142ka Senatu Bogdana Borusewicza ?Polski przemys\u0142 okr\u0119towy ? spojrzenie w przysz\u0142o\u015b\u0107? rozpocz\u0119\u0142a w Gda\u0144sku obchody Europejskiego Tygodnia Stoczniowego. <\/p>\n","protected":false},"author":1,"featured_media":0,"comment_status":"open","ping_status":"open","sticky":false,"template":"","format":"standard","meta":[],"categories":[2,4],"tags":[],"_links":{"self":[{"href":"http:\/\/b-borusewicz.pl\/index.php\/wp-json\/wp\/v2\/posts\/1555"}],"collection":[{"href":"http:\/\/b-borusewicz.pl\/index.php\/wp-json\/wp\/v2\/posts"}],"about":[{"href":"http:\/\/b-borusewicz.pl\/index.php\/wp-json\/wp\/v2\/types\/post"}],"author":[{"embeddable":true,"href":"http:\/\/b-borusewicz.pl\/index.php\/wp-json\/wp\/v2\/users\/1"}],"replies":[{"embeddable":true,"href":"http:\/\/b-borusewicz.pl\/index.php\/wp-json\/wp\/v2\/comments?post=1555"}],"version-history":[{"count":0,"href":"http:\/\/b-borusewicz.pl\/index.php\/wp-json\/wp\/v2\/posts\/1555\/revisions"}],"wp:attachment":[{"href":"http:\/\/b-borusewicz.pl\/index.php\/wp-json\/wp\/v2\/media?parent=1555"}],"wp:term":[{"taxonomy":"category","embeddable":true,"href":"http:\/\/b-borusewicz.pl\/index.php\/wp-json\/wp\/v2\/categories?post=1555"},{"taxonomy":"post_tag","embeddable":true,"href":"http:\/\/b-borusewicz.pl\/index.php\/wp-json\/wp\/v2\/tags?post=1555"}],"curies":[{"name":"wp","href":"https:\/\/api.w.org\/{rel}","templated":true}]}}