{"id":1549,"date":"2008-03-29T00:00:00","date_gmt":"2008-03-29T00:00:00","guid":{"rendered":"http:\/\/b.borusewicz.pl\/index.php\/2008\/03\/29\/wojewodzki-turniej-kol-gospodyn-wiejskich\/"},"modified":"2016-10-26T12:48:38","modified_gmt":"2016-10-26T12:48:38","slug":"wojewodzki-turniej-kol-gospodyn-wiejskich","status":"publish","type":"post","link":"http:\/\/b-borusewicz.pl\/index.php\/2008\/03\/29\/wojewodzki-turniej-kol-gospodyn-wiejskich\/","title":{"rendered":"Wojew\u00f3dzki Turniej K\u00f3\u0142 Gospody\u0144 Wiejskich"},"content":{"rendered":"<p>W dniu 29 marca 2008 Marsza\u0142ek Senatu Bogdan Borusewicz by\u0142 na V Wojew\u00f3dzkim Turnieju K\u00f3\u0142 Gospody\u0144 Wiejskich, kt\u00f3ry po raz trzeci odby\u0142 si\u0119 w  \u017bukowie. <!--more--><\/p>\n<div id=\"Zawartosc\"><img src=\"http:\/\/b.borusewicz.pl\/wp-content\/uploads\/2008\/03\/w_236_medium.jpeg\" border=\"0\" class=\"ikona\"\/><\/p>\n<div class=\"Zajawka\"><\/div>\n<div class=\"Tresc\">W go\u015bcinnej hali sportowo-widowiskowej Publicznego Gimnazjum Nr 2 w \u017bukowie zosta\u0142y rozstawione barwne stoiska poszczeg\u00f3lnych K\u00f3\u0142 Gospody\u0144, a licznie zebrana publiczno\u015b\u0107 gromkimi brawami oklaskiwa\u0142a bardzo pomys\u0142owe wyst\u0119py konkursowe. Zabawa by\u0142a \u015bwietna, a jury z\u0142o\u017cone z przedstawicieli organizator\u00f3w, tj. Pomorskiego O\u015brodka Doradztwa Rolniczego, Urz\u0119du Gminy \u017bukowo, Wojew\u00f3dzkiego Zwi\u0105zku K\u00f3\u0142ek Rolniczych oraz  z dziennikarzy mia\u0142o naprawd\u0119 trudne zadanie! <\/div>\n<p><img src=\"http:\/\/b.borusewicz.pl\/wp-content\/uploads\/2008\/03\/w_236_a.jpeg\" border=\"1\" class=\"foto\"\/><img src=\"http:\/\/b.borusewicz.pl\/wp-content\/uploads\/2008\/03\/w_236_b.jpeg\" border=\"1\" class=\"foto\"\/><img src=\"http:\/\/b.borusewicz.pl\/wp-content\/uploads\/2008\/03\/w_236_c.jpeg\" border=\"1\" class=\"foto\"\/><img src=\"http:\/\/b.borusewicz.pl\/wp-content\/uploads\/2008\/03\/w_236_d.jpeg\" border=\"1\" class=\"foto\"\/><img src=\"http:\/\/b.borusewicz.pl\/wp-content\/uploads\/2008\/03\/w_236_e.jpeg\" border=\"1\" class=\"foto\"\/>\n<\/div>\n","protected":false},"excerpt":{"rendered":"<p>W dniu 29 marca 2008 Marsza\u0142ek Senatu Bogdan Borusewicz by\u0142 na V Wojew\u00f3dzkim Turnieju K\u00f3\u0142 Gospody\u0144 Wiejskich, kt\u00f3ry po raz trzeci odby\u0142 si\u0119 w  \u017bukowie. <\/p>\n","protected":false},"author":1,"featured_media":2006,"comment_status":"open","ping_status":"open","sticky":false,"template":"","format":"standard","meta":[],"categories":[2,4],"tags":[],"_links":{"self":[{"href":"http:\/\/b-borusewicz.pl\/index.php\/wp-json\/wp\/v2\/posts\/1549"}],"collection":[{"href":"http:\/\/b-borusewicz.pl\/index.php\/wp-json\/wp\/v2\/posts"}],"about":[{"href":"http:\/\/b-borusewicz.pl\/index.php\/wp-json\/wp\/v2\/types\/post"}],"author":[{"embeddable":true,"href":"http:\/\/b-borusewicz.pl\/index.php\/wp-json\/wp\/v2\/users\/1"}],"replies":[{"embeddable":true,"href":"http:\/\/b-borusewicz.pl\/index.php\/wp-json\/wp\/v2\/comments?post=1549"}],"version-history":[{"count":1,"href":"http:\/\/b-borusewicz.pl\/index.php\/wp-json\/wp\/v2\/posts\/1549\/revisions"}],"predecessor-version":[{"id":2012,"href":"http:\/\/b-borusewicz.pl\/index.php\/wp-json\/wp\/v2\/posts\/1549\/revisions\/2012"}],"wp:featuredmedia":[{"embeddable":true,"href":"http:\/\/b-borusewicz.pl\/index.php\/wp-json\/wp\/v2\/media\/2006"}],"wp:attachment":[{"href":"http:\/\/b-borusewicz.pl\/index.php\/wp-json\/wp\/v2\/media?parent=1549"}],"wp:term":[{"taxonomy":"category","embeddable":true,"href":"http:\/\/b-borusewicz.pl\/index.php\/wp-json\/wp\/v2\/categories?post=1549"},{"taxonomy":"post_tag","embeddable":true,"href":"http:\/\/b-borusewicz.pl\/index.php\/wp-json\/wp\/v2\/tags?post=1549"}],"curies":[{"name":"wp","href":"https:\/\/api.w.org\/{rel}","templated":true}]}}