{"id":1545,"date":"2006-01-27T00:00:00","date_gmt":"2006-01-27T00:00:00","guid":{"rendered":"http:\/\/b.borusewicz.pl\/index.php\/2006\/01\/27\/marszalek-bogdan-borusewicz-gosciem-gdanskiego-dywanika\/"},"modified":"2016-10-26T12:48:33","modified_gmt":"2016-10-26T12:48:33","slug":"marszalek-bogdan-borusewicz-gosciem-gdanskiego-dywanika","status":"publish","type":"post","link":"http:\/\/b-borusewicz.pl\/index.php\/2006\/01\/27\/marszalek-bogdan-borusewicz-gosciem-gdanskiego-dywanika\/","title":{"rendered":"Marsza\u0142ek Bogdan Borusewicz go\u015bciem ?Gda\u0144skiego Dywanika&#8221;"},"content":{"rendered":"<p>W niedziel\u0119 odby\u0142o si\u0119 ostatnie nagranie znanego programu publicystycznego Marka Ponikowskiego ?Gda\u0144ski Dywanik?. Go\u015bciem tego specjalnego wydania by\u0142 marsza\u0142ek Senatu Bogdan Borusewicz. <!--more--><\/p>\n<div id=\"Zawartosc\"><img src=\"http:\/\/b.borusewicz.pl\/wp-content\/uploads\/2006\/01\/w_23_medium.jpeg\" border=\"0\" class=\"ikona\"\/><\/p>\n<div class=\"Zajawka\"><\/div>\n<div class=\"Tresc\">Dziennikarze zgromadzeni w studiu gda\u0144skiej TVP 3  pytali m.in. o sytuacj\u0119 w polskim parlamencie, dyskutowano o nominacjach i wyborach do Krajowej Rady Radiofonii i Telewizji, a tak\u017ce o pracach nad nowym bud\u017cetem i rozwi\u0105zaniach jakie mo\u017ce on przynie\u015b\u0107 dla Pomorza. <\/div>\n<p><img src=\"http:\/\/b.borusewicz.pl\/wp-content\/uploads\/2006\/01\/w_23_a.jpeg\" border=\"1\" class=\"foto\"\/><img src=\"http:\/\/b.borusewicz.pl\/wp-content\/uploads\/2006\/01\/w_23_b.jpeg\" border=\"1\" class=\"foto\"\/><img src=\"http:\/\/b.borusewicz.pl\/wp-content\/uploads\/2006\/01\/w_23_c.jpeg\" border=\"1\" class=\"foto\"\/><img src=\"http:\/\/b.borusewicz.pl\/wp-content\/uploads\/2006\/01\/w_23_d.jpeg\" border=\"1\" class=\"foto\"\/>\n<\/div>\n","protected":false},"excerpt":{"rendered":"<p>W niedziel\u0119 odby\u0142o si\u0119 ostatnie nagranie znanego programu publicystycznego Marka Ponikowskiego ?Gda\u0144ski Dywanik?. Go\u015bciem tego specjalnego wydania by\u0142 marsza\u0142ek Senatu Bogdan Borusewicz. <\/p>\n","protected":false},"author":1,"featured_media":1982,"comment_status":"open","ping_status":"open","sticky":false,"template":"","format":"standard","meta":[],"categories":[2,4],"tags":[],"_links":{"self":[{"href":"http:\/\/b-borusewicz.pl\/index.php\/wp-json\/wp\/v2\/posts\/1545"}],"collection":[{"href":"http:\/\/b-borusewicz.pl\/index.php\/wp-json\/wp\/v2\/posts"}],"about":[{"href":"http:\/\/b-borusewicz.pl\/index.php\/wp-json\/wp\/v2\/types\/post"}],"author":[{"embeddable":true,"href":"http:\/\/b-borusewicz.pl\/index.php\/wp-json\/wp\/v2\/users\/1"}],"replies":[{"embeddable":true,"href":"http:\/\/b-borusewicz.pl\/index.php\/wp-json\/wp\/v2\/comments?post=1545"}],"version-history":[{"count":1,"href":"http:\/\/b-borusewicz.pl\/index.php\/wp-json\/wp\/v2\/posts\/1545\/revisions"}],"predecessor-version":[{"id":1987,"href":"http:\/\/b-borusewicz.pl\/index.php\/wp-json\/wp\/v2\/posts\/1545\/revisions\/1987"}],"wp:featuredmedia":[{"embeddable":true,"href":"http:\/\/b-borusewicz.pl\/index.php\/wp-json\/wp\/v2\/media\/1982"}],"wp:attachment":[{"href":"http:\/\/b-borusewicz.pl\/index.php\/wp-json\/wp\/v2\/media?parent=1545"}],"wp:term":[{"taxonomy":"category","embeddable":true,"href":"http:\/\/b-borusewicz.pl\/index.php\/wp-json\/wp\/v2\/categories?post=1545"},{"taxonomy":"post_tag","embeddable":true,"href":"http:\/\/b-borusewicz.pl\/index.php\/wp-json\/wp\/v2\/tags?post=1545"}],"curies":[{"name":"wp","href":"https:\/\/api.w.org\/{rel}","templated":true}]}}