{"id":1538,"date":"2008-02-08T00:00:00","date_gmt":"2008-02-08T00:00:00","guid":{"rendered":"http:\/\/b.borusewicz.pl\/index.php\/2008\/02\/08\/nagroda-miasta-gdanska-dla-mlodych-naukowcow-im-jana-uphagena\/"},"modified":"2016-10-26T12:48:23","modified_gmt":"2016-10-26T12:48:23","slug":"nagroda-miasta-gdanska-dla-mlodych-naukowcow-im-jana-uphagena","status":"publish","type":"post","link":"http:\/\/b-borusewicz.pl\/index.php\/2008\/02\/08\/nagroda-miasta-gdanska-dla-mlodych-naukowcow-im-jana-uphagena\/","title":{"rendered":"Nagroda Miasta Gda\u0144ska dla M\u0142odych Naukowc\u00f3w im. Jana Uphagena"},"content":{"rendered":"<p>8 lutego Marsza\u0142ek Senatu RP Bogdan Borusewicz  uczestniczy\u0142 w uroczysto\u015bci wr\u0119czenia Nagrody Miasta Gda\u0144ska dla M\u0142odych Naukowc\u00f3w im. Jana Uphagena.<!--more--><\/p>\n<div id=\"Zawartosc\"><img src=\"http:\/\/b.borusewicz.pl\/wp-content\/uploads\/2008\/02\/w_217_medium.jpeg\" border=\"0\" class=\"ikona\"\/><\/p>\n<div class=\"Zajawka\"><\/div>\n<div class=\"Tresc\">W kategorii nauk humanistycznych nagrod\u0119 otrzyma\u0142 Pan dr Kamil Zeidler, a w kategorii nauk \u015bcis\u0142ych i przyrodniczych Pan dr Pawe\u0142 Wiczling.<\/p>\n<p>W uroczysto\u015bci, kt\u00f3ra odby\u0142a si\u0119 w pi\u0119knych wn\u0119trzach Domu Uphagena opr\u00f3cz w\u0142adz Gda\u0144ska wzi\u0119\u0142o udzia\u0142 liczne grono naukowc\u00f3w z gda\u0144skich uczelni, w tym Pani Profesor Czermi\u0144ska i Pan Profesor Pli\u0144ski- laureaci tegorocznej Nagrody im. Jana Heweliusza<\/p><\/div>\n<p><img src=\"http:\/\/b.borusewicz.pl\/wp-content\/uploads\/2008\/02\/w_217_a.jpeg\" border=\"1\" class=\"foto\"\/><img src=\"http:\/\/b.borusewicz.pl\/wp-content\/uploads\/2008\/02\/w_217_b.jpeg\" border=\"1\" class=\"foto\"\/><img src=\"http:\/\/b.borusewicz.pl\/wp-content\/uploads\/2008\/02\/w_217_c.jpeg\" border=\"1\" class=\"foto\"\/><img src=\"http:\/\/b.borusewicz.pl\/wp-content\/uploads\/2008\/02\/w_217_d.jpeg\" border=\"1\" class=\"foto\"\/>\n<\/div>\n","protected":false},"excerpt":{"rendered":"<p>8 lutego Marsza\u0142ek Senatu RP Bogdan Borusewicz  uczestniczy\u0142 w uroczysto\u015bci wr\u0119czenia Nagrody Miasta Gda\u0144ska dla M\u0142odych Naukowc\u00f3w im. Jana Uphagena.<\/p>\n","protected":false},"author":1,"featured_media":0,"comment_status":"open","ping_status":"open","sticky":false,"template":"","format":"standard","meta":[],"categories":[2,4],"tags":[],"_links":{"self":[{"href":"http:\/\/b-borusewicz.pl\/index.php\/wp-json\/wp\/v2\/posts\/1538"}],"collection":[{"href":"http:\/\/b-borusewicz.pl\/index.php\/wp-json\/wp\/v2\/posts"}],"about":[{"href":"http:\/\/b-borusewicz.pl\/index.php\/wp-json\/wp\/v2\/types\/post"}],"author":[{"embeddable":true,"href":"http:\/\/b-borusewicz.pl\/index.php\/wp-json\/wp\/v2\/users\/1"}],"replies":[{"embeddable":true,"href":"http:\/\/b-borusewicz.pl\/index.php\/wp-json\/wp\/v2\/comments?post=1538"}],"version-history":[{"count":1,"href":"http:\/\/b-borusewicz.pl\/index.php\/wp-json\/wp\/v2\/posts\/1538\/revisions"}],"predecessor-version":[{"id":1947,"href":"http:\/\/b-borusewicz.pl\/index.php\/wp-json\/wp\/v2\/posts\/1538\/revisions\/1947"}],"wp:attachment":[{"href":"http:\/\/b-borusewicz.pl\/index.php\/wp-json\/wp\/v2\/media?parent=1538"}],"wp:term":[{"taxonomy":"category","embeddable":true,"href":"http:\/\/b-borusewicz.pl\/index.php\/wp-json\/wp\/v2\/categories?post=1538"},{"taxonomy":"post_tag","embeddable":true,"href":"http:\/\/b-borusewicz.pl\/index.php\/wp-json\/wp\/v2\/tags?post=1538"}],"curies":[{"name":"wp","href":"https:\/\/api.w.org\/{rel}","templated":true}]}}