{"id":1535,"date":"2008-01-30T00:00:00","date_gmt":"2008-01-30T00:00:00","guid":{"rendered":"http:\/\/b.borusewicz.pl\/index.php\/2008\/01\/30\/dni-tczewa\/"},"modified":"2016-10-26T12:48:20","modified_gmt":"2016-10-26T12:48:20","slug":"dni-tczewa","status":"publish","type":"post","link":"http:\/\/b-borusewicz.pl\/index.php\/2008\/01\/30\/dni-tczewa\/","title":{"rendered":"Dni Tczewa"},"content":{"rendered":"<p>W dniu 30 stycznia 2008 Marsza\u0142ek Senatu Bogdan Borusewicz,  Honorowy Obywatel Tczewa, wzi\u0105\u0142 udzia\u0142 w uroczystej sesji z  okazji ?Dnia Tczewa?.<br \/>\nUroczysto\u015bci rozpocz\u0119\u0142y si\u0119 od Mszy \u015awi\u0119tej w starym ko\u015bciele na tczewskiej star\u00f3wce.<!--more--><\/p>\n<div id=\"Zawartosc\"><img src=\"http:\/\/b.borusewicz.pl\/wp-content\/uploads\/2008\/01\/w_213_medium.jpeg\" border=\"0\" class=\"ikona\"\/><\/p>\n<div class=\"Zajawka\">W dniu 30 stycznia 2008 Marsza\u0142ek Senatu Bogdan Borusewicz,  Honorowy Obywatel Tczewa, wzi\u0105\u0142 udzia\u0142 w uroczystej sesji z  okazji ?Dnia Tczewa?.<br \/>\nUroczysto\u015bci rozpocz\u0119\u0142y si\u0119 od Mszy \u015awi\u0119tej w starym ko\u015bciele na tczewskiej star\u00f3wce.<\/div>\n<div class=\"Tresc\">W bogatym programie sesji znalaz\u0142y si\u0119 nagrody i medale ?Pro Domo Trsoviensi?, ?Tczewianina Roku 2007?? ?Kociewskie Pi\u00f3ro?, nagrody dla sportowc\u00f3w i trener\u00f3w. <\/p>\n<p>Po informacji o pracach Komitetu Organizacyjnego Jubileuszu 750-lecia nadania praw miejskich odby\u0142o si\u0119 rozstrzygni\u0119cie konkursu na logo 750-lecia miasta Tczewa, a przed Urz\u0119dem Miasta uruchomiony zosta\u0142 zegar odliczaj\u0105cy czas do inauguracji obchod\u00f3w, to jest do 30.01.2010 roku.<\/p>\n<p>Nast\u0119pnie w niedawno wyremontowanym Centrum Wystawienniczo-Regionalnym Dolnej Wis\u0142y otwarto ciekaw\u0105 wystaw\u0119 historyczn\u0105 ?Tczew. Od osady do wsp\u00f3\u0142czesno\u015bci?.<\/p>\n<p>Ko\u0144cowym akcentem uroczysto\u015bci by\u0142o po\u015bwi\u0119cenie zabytkowej wie\u017cy, w kt\u00f3rej swoj\u0105 siedzib\u0119 znalaz\u0142o tczewskie Bractwo Kurkowe. <\/p>\n<p>Wizyta Marsza\u0142ka Senatu RP zako\u0144czy\u0142a si\u0119 pami\u0105tkowymi zdj\u0119ciami i wpisami do ksi\u0105g go\u015bci.  <\/p><\/div>\n<p><img src=\"http:\/\/b.borusewicz.pl\/wp-content\/uploads\/2008\/01\/w_213_a.jpeg\" border=\"1\" class=\"foto\"\/><img src=\"http:\/\/b.borusewicz.pl\/wp-content\/uploads\/2008\/01\/w_213_b.jpeg\" border=\"1\" class=\"foto\"\/><img src=\"http:\/\/b.borusewicz.pl\/wp-content\/uploads\/2008\/01\/w_213_c.jpeg\" border=\"1\" class=\"foto\"\/><img src=\"http:\/\/b.borusewicz.pl\/wp-content\/uploads\/2008\/01\/w_213_d.jpeg\" border=\"1\" class=\"foto\"\/><img src=\"http:\/\/b.borusewicz.pl\/wp-content\/uploads\/2008\/01\/w_213_e.jpeg\" border=\"1\" class=\"foto\"\/>\n<\/div>\n","protected":false},"excerpt":{"rendered":"<p>W dniu 30 stycznia 2008 Marsza\u0142ek Senatu Bogdan Borusewicz,  Honorowy Obywatel Tczewa, wzi\u0105\u0142 udzia\u0142 w uroczystej sesji z  okazji ?Dnia Tczewa?.<br \/>\nUroczysto\u015bci rozpocz\u0119\u0142y si\u0119 od Mszy \u015awi\u0119tej w starym ko\u015bciele na tczewskiej star\u00f3wce.<\/p>\n","protected":false},"author":1,"featured_media":1929,"comment_status":"open","ping_status":"open","sticky":false,"template":"","format":"standard","meta":[],"categories":[2,4],"tags":[],"_links":{"self":[{"href":"http:\/\/b-borusewicz.pl\/index.php\/wp-json\/wp\/v2\/posts\/1535"}],"collection":[{"href":"http:\/\/b-borusewicz.pl\/index.php\/wp-json\/wp\/v2\/posts"}],"about":[{"href":"http:\/\/b-borusewicz.pl\/index.php\/wp-json\/wp\/v2\/types\/post"}],"author":[{"embeddable":true,"href":"http:\/\/b-borusewicz.pl\/index.php\/wp-json\/wp\/v2\/users\/1"}],"replies":[{"embeddable":true,"href":"http:\/\/b-borusewicz.pl\/index.php\/wp-json\/wp\/v2\/comments?post=1535"}],"version-history":[{"count":1,"href":"http:\/\/b-borusewicz.pl\/index.php\/wp-json\/wp\/v2\/posts\/1535\/revisions"}],"predecessor-version":[{"id":1935,"href":"http:\/\/b-borusewicz.pl\/index.php\/wp-json\/wp\/v2\/posts\/1535\/revisions\/1935"}],"wp:featuredmedia":[{"embeddable":true,"href":"http:\/\/b-borusewicz.pl\/index.php\/wp-json\/wp\/v2\/media\/1929"}],"wp:attachment":[{"href":"http:\/\/b-borusewicz.pl\/index.php\/wp-json\/wp\/v2\/media?parent=1535"}],"wp:term":[{"taxonomy":"category","embeddable":true,"href":"http:\/\/b-borusewicz.pl\/index.php\/wp-json\/wp\/v2\/categories?post=1535"},{"taxonomy":"post_tag","embeddable":true,"href":"http:\/\/b-borusewicz.pl\/index.php\/wp-json\/wp\/v2\/tags?post=1535"}],"curies":[{"name":"wp","href":"https:\/\/api.w.org\/{rel}","templated":true}]}}