{"id":1534,"date":"2008-01-28T00:00:00","date_gmt":"2008-01-28T00:00:00","guid":{"rendered":"http:\/\/b.borusewicz.pl\/index.php\/2008\/01\/28\/marszalek-senatu-w-grupie-lotos-s-a\/"},"modified":"2016-10-26T12:48:19","modified_gmt":"2016-10-26T12:48:19","slug":"marszalek-senatu-w-grupie-lotos-s-a","status":"publish","type":"post","link":"http:\/\/b-borusewicz.pl\/index.php\/2008\/01\/28\/marszalek-senatu-w-grupie-lotos-s-a\/","title":{"rendered":"Marsza\u0142ek Senatu w Grupie LOTOS S.A."},"content":{"rendered":"<p>28 stycznia br. w Gda\u0144sku, w obecno\u015bci marsza\u0142ka Senatu RP Bogdana Borusewicza oraz  premiera Waldemara Pawlaka, podpisano umow\u0119 o d\u0142ugoletniej wsp\u00f3\u0142pracy pomi\u0119dzy Grup\u0105 LOTOS S.A., Politechnik\u0105 Gda\u0144sk\u0105 (PG) i krakowsk\u0105 Akademi\u0105 G\u00f3rniczo-Hutnicz\u0105 (AGH). <!--more--><\/p>\n<div id=\"Zawartosc\"><img src=\"http:\/\/b.borusewicz.pl\/wp-content\/uploads\/2008\/01\/w_212_medium.jpeg\" border=\"0\" class=\"ikona\"\/><\/p>\n<div class=\"Zajawka\"><\/div>\n<div class=\"Tresc\">Uroczystego podpisania porozumienia dokonali go\u015bcie ? prof. Racho\u0144, prof. Tajdu\u015b, oraz gospodarz spotkania ? prezes Olechnowicz. <br \/>\nZakres tr\u00f3jstronnego porozumienia dotyczy wsp\u00f3lnej dzia\u0142alno\u015bci uczelni i Koncernu naftowego w zakresie przedsi\u0119wzi\u0119\u0107, bada\u0144, wymiany wiedzy, wzajemnego wsparcia naukowego, dydaktycznego  i finansowego.<\/p>\n<p>Szczeg\u00f3\u0142y umowy zak\u0142adaj\u0105 m.in. wsp\u00f3lne podejmowanie innowacyjnych przedsi\u0119wzi\u0119\u0107 technicznych i technologicznych zwi\u0105zanych z aktywno\u015bci\u0105 i obszarami dzia\u0142alno\u015bci Grupy LOTOS oraz wykonywania przez wy\u017csze uczelnie na zlecenie LOTOSU bada\u0144, prac i projekt\u00f3w o charakterze naukowo-badawczym. Strony ustali\u0142y, \u017ce razem b\u0119d\u0105 ubiega\u0107 si\u0119 o wsparcie z funduszy unijnych.<\/div>\n<p><img src=\"http:\/\/b.borusewicz.pl\/wp-content\/uploads\/2008\/01\/w_212_a.jpeg\" border=\"1\" class=\"foto\"\/><img src=\"http:\/\/b.borusewicz.pl\/wp-content\/uploads\/2008\/01\/w_212_b.jpeg\" border=\"1\" class=\"foto\"\/><img src=\"http:\/\/b.borusewicz.pl\/wp-content\/uploads\/2008\/01\/w_212_c.jpeg\" border=\"1\" class=\"foto\"\/><img src=\"http:\/\/b.borusewicz.pl\/wp-content\/uploads\/2008\/01\/w_212_d.jpeg\" border=\"1\" class=\"foto\"\/><img src=\"http:\/\/b.borusewicz.pl\/wp-content\/uploads\/2008\/01\/w_212_e.jpeg\" border=\"1\" class=\"foto\"\/>\n<\/div>\n","protected":false},"excerpt":{"rendered":"<p>28 stycznia br. w Gda\u0144sku, w obecno\u015bci marsza\u0142ka Senatu RP Bogdana Borusewicza oraz  premiera Waldemara Pawlaka, podpisano umow\u0119 o d\u0142ugoletniej wsp\u00f3\u0142pracy pomi\u0119dzy Grup\u0105 LOTOS S.A., Politechnik\u0105 Gda\u0144sk\u0105 (PG) i krakowsk\u0105 Akademi\u0105 G\u00f3rniczo-Hutnicz\u0105 (AGH). <\/p>\n","protected":false},"author":1,"featured_media":1922,"comment_status":"open","ping_status":"open","sticky":false,"template":"","format":"standard","meta":[],"categories":[2,4],"tags":[],"_links":{"self":[{"href":"http:\/\/b-borusewicz.pl\/index.php\/wp-json\/wp\/v2\/posts\/1534"}],"collection":[{"href":"http:\/\/b-borusewicz.pl\/index.php\/wp-json\/wp\/v2\/posts"}],"about":[{"href":"http:\/\/b-borusewicz.pl\/index.php\/wp-json\/wp\/v2\/types\/post"}],"author":[{"embeddable":true,"href":"http:\/\/b-borusewicz.pl\/index.php\/wp-json\/wp\/v2\/users\/1"}],"replies":[{"embeddable":true,"href":"http:\/\/b-borusewicz.pl\/index.php\/wp-json\/wp\/v2\/comments?post=1534"}],"version-history":[{"count":1,"href":"http:\/\/b-borusewicz.pl\/index.php\/wp-json\/wp\/v2\/posts\/1534\/revisions"}],"predecessor-version":[{"id":1928,"href":"http:\/\/b-borusewicz.pl\/index.php\/wp-json\/wp\/v2\/posts\/1534\/revisions\/1928"}],"wp:featuredmedia":[{"embeddable":true,"href":"http:\/\/b-borusewicz.pl\/index.php\/wp-json\/wp\/v2\/media\/1922"}],"wp:attachment":[{"href":"http:\/\/b-borusewicz.pl\/index.php\/wp-json\/wp\/v2\/media?parent=1534"}],"wp:term":[{"taxonomy":"category","embeddable":true,"href":"http:\/\/b-borusewicz.pl\/index.php\/wp-json\/wp\/v2\/categories?post=1534"},{"taxonomy":"post_tag","embeddable":true,"href":"http:\/\/b-borusewicz.pl\/index.php\/wp-json\/wp\/v2\/tags?post=1534"}],"curies":[{"name":"wp","href":"https:\/\/api.w.org\/{rel}","templated":true}]}}