{"id":1532,"date":"2007-12-15T00:00:00","date_gmt":"2007-12-15T00:00:00","guid":{"rendered":"http:\/\/b.borusewicz.pl\/index.php\/2007\/12\/15\/grudzien-70-pamietamy\/"},"modified":"2016-10-26T12:48:17","modified_gmt":"2016-10-26T12:48:17","slug":"grudzien-70-pamietamy","status":"publish","type":"post","link":"http:\/\/b-borusewicz.pl\/index.php\/2007\/12\/15\/grudzien-70-pamietamy\/","title":{"rendered":"?Grudzie\u0144 70 &#8211; Pami\u0119tamy?"},"content":{"rendered":"<p>Marsza\u0142ek Senatu RP Bogdan Borusewicz wzi\u0105\u0142 udzia\u0142 w konferencji po\u015bwi\u0119conej wydarzeniom Grudnia? 70, kt\u00f3ra odby\u0142a si\u0119 w Filharmonii Ba\u0142tyckiej w Gda\u0144sku.<!--more--><\/p>\n<div id=\"Zawartosc\"><img src=\"http:\/\/b.borusewicz.pl\/wp-content\/uploads\/2007\/12\/w_204_medium.jpeg\" border=\"0\" class=\"ikona\"\/><\/p>\n<div class=\"Zajawka\"><\/div>\n<div class=\"Tresc\">\n<p>Podczas sesji inauguracyjnej obecni byli mi\u0119dzy innymi: Prezydent Lech Wa\u0142\u0119sa, Premier Donald Tusk, Marsza\u0142ek Wojew\u00f3dztwa Pomorskiego Jan Koz\u0142owski, Sekretarz Rady Ochrony Pami\u0119ci Walk i M\u0119cze\u0144stwa.<\/p>\n<p>Marsza\u0142ek Bogdan Borusewicz powiedzia\u0142 ,\u017ce tragiczne wydarzenia sprzed 37 lat by\u0142y dla robotnik\u00f3w ca\u0142ego spo\u0142ecze\u0144\u00adstwa swoistym &#8222;uniwersytetem ludo\u00adwym&#8221;. Szczeg\u00f3lnie dla ludzi z Tr\u00f3jmia\u00adsta, kt\u00f3rym w przeciwie\u0144stwie do ich koleg\u00f3w z innych region\u00f3w kraju nie trzeba by\u0142o potem t\u0142umaczy\u0107 czym jest w\u0142adza komunistyczna, \u017ce opiera si\u0119 ona na przemocy i k\u0142amstwie.<br \/>\nKonferencja podzielona by\u0142a na 3 sesje robocze: ?Grudniowy Dramat?, ?Utrwalenie pami\u0119ci? oraz ?Jak Pami\u0119tamy?.<\/p>\n<p>Organizatorem konferencji by\u0142a Fundacja Centrum Solidarno\u015bci<\/p>\n<p>Zdj\u0119cia autorstwa Klary Kosi\u0144skiej (www.gdansk.pl)<\/p><\/div>\n<p><img src=\"http:\/\/b.borusewicz.pl\/wp-content\/uploads\/2007\/12\/w_204_a.jpeg\" border=\"1\" class=\"foto\"\/><img src=\"http:\/\/b.borusewicz.pl\/wp-content\/uploads\/2007\/12\/w_204_b.jpeg\" border=\"1\" class=\"foto\"\/>\n<\/div>\n","protected":false},"excerpt":{"rendered":"<p>Marsza\u0142ek Senatu RP Bogdan Borusewicz wzi\u0105\u0142 udzia\u0142 w konferencji po\u015bwi\u0119conej wydarzeniom Grudnia? 70, kt\u00f3ra odby\u0142a si\u0119 w Filharmonii Ba\u0142tyckiej w Gda\u0144sku.<\/p>\n","protected":false},"author":1,"featured_media":1918,"comment_status":"open","ping_status":"open","sticky":false,"template":"","format":"standard","meta":[],"categories":[2,4],"tags":[],"_links":{"self":[{"href":"http:\/\/b-borusewicz.pl\/index.php\/wp-json\/wp\/v2\/posts\/1532"}],"collection":[{"href":"http:\/\/b-borusewicz.pl\/index.php\/wp-json\/wp\/v2\/posts"}],"about":[{"href":"http:\/\/b-borusewicz.pl\/index.php\/wp-json\/wp\/v2\/types\/post"}],"author":[{"embeddable":true,"href":"http:\/\/b-borusewicz.pl\/index.php\/wp-json\/wp\/v2\/users\/1"}],"replies":[{"embeddable":true,"href":"http:\/\/b-borusewicz.pl\/index.php\/wp-json\/wp\/v2\/comments?post=1532"}],"version-history":[{"count":1,"href":"http:\/\/b-borusewicz.pl\/index.php\/wp-json\/wp\/v2\/posts\/1532\/revisions"}],"predecessor-version":[{"id":1921,"href":"http:\/\/b-borusewicz.pl\/index.php\/wp-json\/wp\/v2\/posts\/1532\/revisions\/1921"}],"wp:featuredmedia":[{"embeddable":true,"href":"http:\/\/b-borusewicz.pl\/index.php\/wp-json\/wp\/v2\/media\/1918"}],"wp:attachment":[{"href":"http:\/\/b-borusewicz.pl\/index.php\/wp-json\/wp\/v2\/media?parent=1532"}],"wp:term":[{"taxonomy":"category","embeddable":true,"href":"http:\/\/b-borusewicz.pl\/index.php\/wp-json\/wp\/v2\/categories?post=1532"},{"taxonomy":"post_tag","embeddable":true,"href":"http:\/\/b-borusewicz.pl\/index.php\/wp-json\/wp\/v2\/tags?post=1532"}],"curies":[{"name":"wp","href":"https:\/\/api.w.org\/{rel}","templated":true}]}}