{"id":1516,"date":"2007-10-06T00:00:00","date_gmt":"2007-10-06T00:00:00","guid":{"rendered":"http:\/\/b.borusewicz.pl\/index.php\/2007\/10\/06\/80-urodziny-guentera-grassa-w-gdansku\/"},"modified":"2016-10-26T12:48:07","modified_gmt":"2016-10-26T12:48:07","slug":"80-urodziny-guentera-grassa-w-gdansku","status":"publish","type":"post","link":"http:\/\/b-borusewicz.pl\/index.php\/2007\/10\/06\/80-urodziny-guentera-grassa-w-gdansku\/","title":{"rendered":"80. urodziny Guentera Grassa w Gda\u0144sku"},"content":{"rendered":"<p>W Gda\u0144sku przez trzy dni odbywa\u0142y si\u0119 koncerty, wystawy i konferencje po\u015bwi\u0119cone Guenterowi Grassowi, kt\u00f3ry w\u0142a\u015bnie w rodzinnym mie\u015bcie \u015bwi\u0119towa\u0142 swoje 80. urodziny. Uroczysto\u015bci odbywa\u0142y si\u0119 pod honorowym patronatem marsza\u0142ka Senatu RP Bogdana Borusewicza.<!--more--><\/p>\n<div id=\"Zawartosc\"><img src=\"http:\/\/b.borusewicz.pl\/wp-content\/uploads\/2007\/10\/w_165_medium.jpeg\" border=\"0\" class=\"ikona\"\/><\/p>\n<div class=\"Zajawka\"><\/div>\n<div class=\"Tresc\">?Spotykamy si\u0119 w historycznym Dworze Artusa, symbolu europejskich tradycji grodu nad Mot\u0142aw\u0105. Gda\u0144sk, miasto od wiek\u00f3w wielokulturowe i wielonarodowe jest dobrym miejscem na dyskusj\u0119 o naszej wsp\u00f3lnej historii i \u015bwiecie wsp\u00f3\u0142czesnym. Pana g\u0142os w kwestiach politycznych, cz\u0119sto ostatnio krytyczny, traktuj\u0119 jako wyraz troski osoby, kt\u00f3rej Polska i Europa by\u0142y i s\u0105 bardzo bliskie? powiedzia\u0142, witaj\u0105c Guentera Grassa na rozpoczynaj\u0105cej obchody konferencji ?Guenter Grass. Literatura ? Sztuka ? Polityka?, marsza\u0142ek Bogdan Borusewicz. ?To w\u0142a\u015bnie Panu zawdzi\u0119czamy literackie objawienie Gda\u0144ska i Pomorza Polakom i Niemcom, Europie i \u015bwiatu. Jest ono inspiruj\u0105ce i \u017cywe. Dla mnie Pana ksi\u0105\u017cki s\u0105 przewodnikiem po Gda\u0144sku, kt\u00f3rego nie zna\u0142em, tak jak opowie\u015bci moich rodzic\u00f3w o Wilnie, kt\u00f3rego ju\u017c nie ma. Na now\u0105 to\u017csamo\u015b\u0107 Gda\u0144szczan sk\u0142ada si\u0119 to, co wsp\u00f3lnie prze\u017cyli\u015bmy w Sierpniu 80 roku, jak i to co zawar\u0142 Pan w swoich ksi\u0105\u017ckach?. <br \/>\n\u017bycz\u0105c jubilatowi d\u0142ugich lat zdrowia oraz dalszych dokona\u0144 na polu literatury i sztuki, marsza\u0142ek Borusewicz wyrazi\u0142 przekonanie, \u017ce g\u0142\u00f3wnym wyznacznikiem tw\u00f3rczo\u015bci Guentera Grassa b\u0119dzie nadal dzie\u0142o zbli\u017cania i pojednania narod\u00f3w, kultur i tradycji sk\u0142adaj\u0105cych si\u0119 na dziedzictwo i dzisiejszy kszta\u0142t wsp\u00f3lnej Europy.<br \/>\nOrganizatorami obchod\u00f3w byli: Uniwersytet Gda\u0144ski, Fundacja Rozwoju Uniwersytetu Gda\u0144skiego, Urz\u0105d Miasta Gda\u0144ska, Urz\u0105d Marsza\u0142kowski Wojew\u00f3dztwa Pomorskiego,  Fundacja Friedricha Eberta, Konsulat Generalny Republiki Federalnej Niemiec, Fundacja Wsp\u00f3\u0142pracy Polsko-Niemieckiej, Stowarzyszenie Guentera Grassa w Gda\u0144sku.<\/div>\n<p><img src=\"http:\/\/b.borusewicz.pl\/wp-content\/uploads\/2007\/10\/w_165_a.jpeg\" border=\"1\" class=\"foto\"\/><img src=\"http:\/\/b.borusewicz.pl\/wp-content\/uploads\/2007\/10\/w_165_b.jpeg\" border=\"1\" class=\"foto\"\/><img src=\"http:\/\/b.borusewicz.pl\/wp-content\/uploads\/2007\/10\/w_165_c.jpeg\" border=\"1\" class=\"foto\"\/><img src=\"http:\/\/b.borusewicz.pl\/wp-content\/uploads\/2007\/10\/w_165_d.jpeg\" border=\"1\" class=\"foto\"\/><img src=\"http:\/\/b.borusewicz.pl\/wp-content\/uploads\/2007\/10\/w_165_e.jpeg\" border=\"1\" class=\"foto\"\/>\n<\/div>\n","protected":false},"excerpt":{"rendered":"<p>W Gda\u0144sku przez trzy dni odbywa\u0142y si\u0119 koncerty, wystawy i konferencje po\u015bwi\u0119cone Guenterowi Grassowi, kt\u00f3ry w\u0142a\u015bnie w rodzinnym mie\u015bcie \u015bwi\u0119towa\u0142 swoje 80. urodziny. Uroczysto\u015bci odbywa\u0142y si\u0119 pod honorowym patronatem marsza\u0142ka Senatu RP Bogdana Borusewicza.<\/p>\n","protected":false},"author":1,"featured_media":1865,"comment_status":"open","ping_status":"open","sticky":false,"template":"","format":"standard","meta":[],"categories":[2,4],"tags":[],"_links":{"self":[{"href":"http:\/\/b-borusewicz.pl\/index.php\/wp-json\/wp\/v2\/posts\/1516"}],"collection":[{"href":"http:\/\/b-borusewicz.pl\/index.php\/wp-json\/wp\/v2\/posts"}],"about":[{"href":"http:\/\/b-borusewicz.pl\/index.php\/wp-json\/wp\/v2\/types\/post"}],"author":[{"embeddable":true,"href":"http:\/\/b-borusewicz.pl\/index.php\/wp-json\/wp\/v2\/users\/1"}],"replies":[{"embeddable":true,"href":"http:\/\/b-borusewicz.pl\/index.php\/wp-json\/wp\/v2\/comments?post=1516"}],"version-history":[{"count":1,"href":"http:\/\/b-borusewicz.pl\/index.php\/wp-json\/wp\/v2\/posts\/1516\/revisions"}],"predecessor-version":[{"id":1871,"href":"http:\/\/b-borusewicz.pl\/index.php\/wp-json\/wp\/v2\/posts\/1516\/revisions\/1871"}],"wp:featuredmedia":[{"embeddable":true,"href":"http:\/\/b-borusewicz.pl\/index.php\/wp-json\/wp\/v2\/media\/1865"}],"wp:attachment":[{"href":"http:\/\/b-borusewicz.pl\/index.php\/wp-json\/wp\/v2\/media?parent=1516"}],"wp:term":[{"taxonomy":"category","embeddable":true,"href":"http:\/\/b-borusewicz.pl\/index.php\/wp-json\/wp\/v2\/categories?post=1516"},{"taxonomy":"post_tag","embeddable":true,"href":"http:\/\/b-borusewicz.pl\/index.php\/wp-json\/wp\/v2\/tags?post=1516"}],"curies":[{"name":"wp","href":"https:\/\/api.w.org\/{rel}","templated":true}]}}