{"id":1515,"date":"2007-10-19T00:00:00","date_gmt":"2007-10-19T00:00:00","guid":{"rendered":"http:\/\/b.borusewicz.pl\/index.php\/2007\/10\/19\/bogdan-borusewicz-kandyduje-do-senatu-rp-w-okregu-wyborczym-nr-24\/"},"modified":"2016-10-26T12:48:05","modified_gmt":"2016-10-26T12:48:05","slug":"bogdan-borusewicz-kandyduje-do-senatu-rp-w-okregu-wyborczym-nr-24","status":"publish","type":"post","link":"http:\/\/b-borusewicz.pl\/index.php\/2007\/10\/19\/bogdan-borusewicz-kandyduje-do-senatu-rp-w-okregu-wyborczym-nr-24\/","title":{"rendered":"Bogdan Borusewicz kandyduje do Senatu RP w okr\u0119gu wyborczym nr 24"},"content":{"rendered":"<p>Szanowni Pa\u0144stwo,<br \/>\nPomorze jest oknem Polski na \u015bwiat.<br \/>\nJako marsza\u0142ek Senatu Rzeczypospolitej Polskiej wspiera\u0142em rozw\u00f3j gospodarczy i broni\u0142em niezale\u017cno\u015bci g\u0142\u00f3wnych przedsi\u0119biorstw wojew\u00f3dztwa pomorskiego.<br \/>\nDba\u0142em o dobre stosunki mi\u0119dzy wschodem i zachodem Europy. Polska musi by\u0107 powa\u017cnym i stabilnym partnerem na arenie mi\u0119dzynarodowej.<br \/>\nWiem, jak skutecznie walczy\u0107 o sprawy najwa\u017cniejsze dla naszego kraju i regionu. <\/p>\n<p>Bogdan Borusewicz<\/p>\n<p><!--more--><\/p>\n<div id=\"Zawartosc\"><img src=\"http:\/\/b.borusewicz.pl\/wp-content\/uploads\/2007\/10\/w_159_medium.jpeg\" border=\"0\" class=\"ikona\"\/><\/p>\n<div class=\"Zajawka\">Szanowni Pa\u0144stwo,<\/p>\n<p>Pomorze jest oknem Polski na \u015bwiat.<br \/>\nJako marsza\u0142ek Senatu Rzeczypospolitej Polskiej wspiera\u0142em rozw\u00f3j gospodarczy i broni\u0142em niezale\u017cno\u015bci g\u0142\u00f3wnych przedsi\u0119biorstw wojew\u00f3dztwa pomorskiego.<br \/>\nDba\u0142em o dobre stosunki mi\u0119dzy wschodem i zachodem Europy. Polska musi by\u0107 powa\u017cnym i stabilnym partnerem na arenie mi\u0119dzynarodowej.<br \/>\nWiem, jak skutecznie walczy\u0107 o sprawy najwa\u017cniejsze dla naszego kraju i regionu. <\/p>\n<p>Bogdan Borusewicz<\/p>\n<\/div>\n<div class=\"Tresc\">Bogdan Borusewicz kandyduje do Senatu RP z listy Platformy Obywatelskiej w okr\u0119gu wyborczym nr 24 obejmuj\u0105cym powiaty: gda\u0144ski, kwidzy\u0144ski, malborski, nowodworski, starogardzki, sztumski, tczewski oraz miasta na prawach powiatu: Gda\u0144sk, Sopot.<\/div>\n<\/div>\n","protected":false},"excerpt":{"rendered":"<p>Szanowni Pa\u0144stwo,<br \/>\nPomorze jest oknem Polski na \u015bwiat.<br \/>\nJako marsza\u0142ek Senatu Rzeczypospolitej Polskiej wspiera\u0142em rozw\u00f3j gospodarczy i broni\u0142em niezale\u017cno\u015bci g\u0142\u00f3wnych przedsi\u0119biorstw wojew\u00f3dztwa pomorskiego.<br \/>\nDba\u0142em o dobre stosunki mi\u0119dzy wschodem i zachodem Europy. Polska musi by\u0107 powa\u017cnym i stabilnym partnerem na arenie mi\u0119dzynarodowej.<br \/>\nWiem, jak skutecznie walczy\u0107 o sprawy najwa\u017cniejsze dla naszego kraju i regionu. <\/p>\n<p>Bogdan Borusewicz<\/p>\n","protected":false},"author":1,"featured_media":1863,"comment_status":"open","ping_status":"open","sticky":false,"template":"","format":"standard","meta":[],"categories":[2,4],"tags":[],"_links":{"self":[{"href":"http:\/\/b-borusewicz.pl\/index.php\/wp-json\/wp\/v2\/posts\/1515"}],"collection":[{"href":"http:\/\/b-borusewicz.pl\/index.php\/wp-json\/wp\/v2\/posts"}],"about":[{"href":"http:\/\/b-borusewicz.pl\/index.php\/wp-json\/wp\/v2\/types\/post"}],"author":[{"embeddable":true,"href":"http:\/\/b-borusewicz.pl\/index.php\/wp-json\/wp\/v2\/users\/1"}],"replies":[{"embeddable":true,"href":"http:\/\/b-borusewicz.pl\/index.php\/wp-json\/wp\/v2\/comments?post=1515"}],"version-history":[{"count":1,"href":"http:\/\/b-borusewicz.pl\/index.php\/wp-json\/wp\/v2\/posts\/1515\/revisions"}],"predecessor-version":[{"id":1864,"href":"http:\/\/b-borusewicz.pl\/index.php\/wp-json\/wp\/v2\/posts\/1515\/revisions\/1864"}],"wp:featuredmedia":[{"embeddable":true,"href":"http:\/\/b-borusewicz.pl\/index.php\/wp-json\/wp\/v2\/media\/1863"}],"wp:attachment":[{"href":"http:\/\/b-borusewicz.pl\/index.php\/wp-json\/wp\/v2\/media?parent=1515"}],"wp:term":[{"taxonomy":"category","embeddable":true,"href":"http:\/\/b-borusewicz.pl\/index.php\/wp-json\/wp\/v2\/categories?post=1515"},{"taxonomy":"post_tag","embeddable":true,"href":"http:\/\/b-borusewicz.pl\/index.php\/wp-json\/wp\/v2\/tags?post=1515"}],"curies":[{"name":"wp","href":"https:\/\/api.w.org\/{rel}","templated":true}]}}