{"id":1511,"date":"2007-08-25T00:00:00","date_gmt":"2007-08-25T00:00:00","guid":{"rendered":"http:\/\/b.borusewicz.pl\/index.php\/2007\/08\/25\/25-rocznica-pacyfikacji-protestu-internowanych-w-kwidzynie\/"},"modified":"2016-10-26T12:48:04","modified_gmt":"2016-10-26T12:48:04","slug":"25-rocznica-pacyfikacji-protestu-internowanych-w-kwidzynie","status":"publish","type":"post","link":"http:\/\/b-borusewicz.pl\/index.php\/2007\/08\/25\/25-rocznica-pacyfikacji-protestu-internowanych-w-kwidzynie\/","title":{"rendered":"25. rocznica pacyfikacji protestu internowanych w Kwidzynie"},"content":{"rendered":"<p>W Kwidzynie odby\u0142y si\u0119 uroczysto\u015bci upami\u0119tniaj\u0105ce 25. rocznic\u0119 pacyfikacji protestu internowanych w Kwidzynie dzia\u0142aczy ?Solidarno\u015bci?. Z tej okazji zosta\u0142a ods\u0142oni\u0119ta tablica pami\u0105tkowa na terenie Zak\u0142adu Karnego. W uroczysto\u015bci uczestniczy\u0142 marsza\u0142ek Senatu Bogdan Borusewicz.<!--more--><\/p>\n<div id=\"Zawartosc\"><img src=\"http:\/\/b.borusewicz.pl\/wp-content\/uploads\/2007\/08\/w_154_medium.jpeg\" border=\"0\" class=\"ikona\"\/><\/p>\n<div class=\"Zajawka\"><\/div>\n<div class=\"Tresc\">W wyniku przeprowadzonej 14 sierpnia 1982 roku brutalnej akcji milicji obywatelskiej i stra\u017cy wi\u0119ziennej pobito ponad 80 internowanych, spo\u015br\u00f3d kt\u00f3rych blisko po\u0142owa dozna\u0142a ci\u0119\u017ckich obra\u017ce\u0144. Wi\u0119zieni dzia\u0142acze ?Solidarno\u015bci? protestowali przeciwko ograniczeniu kontakt\u00f3w z rodzinami ? w dniu odwiedzin ich bliscy nie zostali wpuszczeni do o\u015brodka internowania.<\/p>\n<p>Organizatorami obchod\u00f3w by\u0142y MKK NSZZ ?Solidarno\u015b\u0107? w Kwidzynie, Oddzia\u0142 Instytutu Pami\u0119ci Narodowej w Gda\u0144sku, Delegatura Instytutu Pami\u0119ci Narodowej w Olsztynie, Stowarzyszenie ?Pro Patria?, burmistrz Kwidzyna oraz Kwidzy\u0144skie Centrum Kultury.<\/p>\n<p><a href=\"http:\/\/b-borusewicz.pl\/index.cgi?action=16&amp;dir=\/022Rocznica%20pacyfikacji%20protestu%20internowanych%20w%20Kwidzynie\/\">Zapraszamy go galerii zdj\u0119\u0107<\/a><\/p>\n<\/div>\n<\/div>\n","protected":false},"excerpt":{"rendered":"<p>W Kwidzynie odby\u0142y si\u0119 uroczysto\u015bci upami\u0119tniaj\u0105ce 25. rocznic\u0119 pacyfikacji protestu internowanych w Kwidzynie dzia\u0142aczy ?Solidarno\u015bci?. Z tej okazji zosta\u0142a ods\u0142oni\u0119ta tablica pami\u0105tkowa na terenie Zak\u0142adu Karnego. W uroczysto\u015bci uczestniczy\u0142 marsza\u0142ek Senatu Bogdan Borusewicz.<\/p>\n","protected":false},"author":1,"featured_media":1855,"comment_status":"open","ping_status":"open","sticky":false,"template":"","format":"standard","meta":[],"categories":[2,4],"tags":[],"_links":{"self":[{"href":"http:\/\/b-borusewicz.pl\/index.php\/wp-json\/wp\/v2\/posts\/1511"}],"collection":[{"href":"http:\/\/b-borusewicz.pl\/index.php\/wp-json\/wp\/v2\/posts"}],"about":[{"href":"http:\/\/b-borusewicz.pl\/index.php\/wp-json\/wp\/v2\/types\/post"}],"author":[{"embeddable":true,"href":"http:\/\/b-borusewicz.pl\/index.php\/wp-json\/wp\/v2\/users\/1"}],"replies":[{"embeddable":true,"href":"http:\/\/b-borusewicz.pl\/index.php\/wp-json\/wp\/v2\/comments?post=1511"}],"version-history":[{"count":1,"href":"http:\/\/b-borusewicz.pl\/index.php\/wp-json\/wp\/v2\/posts\/1511\/revisions"}],"predecessor-version":[{"id":1856,"href":"http:\/\/b-borusewicz.pl\/index.php\/wp-json\/wp\/v2\/posts\/1511\/revisions\/1856"}],"wp:featuredmedia":[{"embeddable":true,"href":"http:\/\/b-borusewicz.pl\/index.php\/wp-json\/wp\/v2\/media\/1855"}],"wp:attachment":[{"href":"http:\/\/b-borusewicz.pl\/index.php\/wp-json\/wp\/v2\/media?parent=1511"}],"wp:term":[{"taxonomy":"category","embeddable":true,"href":"http:\/\/b-borusewicz.pl\/index.php\/wp-json\/wp\/v2\/categories?post=1511"},{"taxonomy":"post_tag","embeddable":true,"href":"http:\/\/b-borusewicz.pl\/index.php\/wp-json\/wp\/v2\/tags?post=1511"}],"curies":[{"name":"wp","href":"https:\/\/api.w.org\/{rel}","templated":true}]}}