{"id":1508,"date":"2007-06-15T00:00:00","date_gmt":"2007-06-15T00:00:00","guid":{"rendered":"http:\/\/b.borusewicz.pl\/index.php\/2007\/06\/15\/nowa-ustawa-abonamentowa-konferencja-w-radiu-gdansk\/"},"modified":"2016-10-26T12:48:03","modified_gmt":"2016-10-26T12:48:03","slug":"nowa-ustawa-abonamentowa-konferencja-w-radiu-gdansk","status":"publish","type":"post","link":"http:\/\/b-borusewicz.pl\/index.php\/2007\/06\/15\/nowa-ustawa-abonamentowa-konferencja-w-radiu-gdansk\/","title":{"rendered":"Nowa ustawa abonamentowa. Konferencja w Radiu Gda\u0144sk."},"content":{"rendered":"<p>W siedzibie Radia Gda\u0144sk odby\u0142a si\u0119 konferencja dotycz\u0105ca nowej ustawy abonamentowej. W dyskusji uczestniczyli: marsza\u0142ek Senatu Bogdan Borusewicz, senator Krystyna Bochenek, przewodnicz\u0105ca Senackiej Komisji Kultury i \u015arodk\u00f3w Przekazu, cz\u0142onek Krajowej Rady Radiofonii i Telewizji Witold Ko\u0142odziejski oraz przedstawiciele wszystkich regionalnych rozg\u0142o\u015bni Polskiego Radia. <!--more--><\/p>\n<div id=\"Zawartosc\"><img src=\"http:\/\/b.borusewicz.pl\/wp-content\/uploads\/2007\/06\/w_148_medium.jpeg\" border=\"0\" class=\"ikona\"\/><\/p>\n<div class=\"Zajawka\"><\/div>\n<div class=\"Tresc\">Nowy projekt ustawy abonamentowej przewiduje, \u017ce w przysz\u0142o\u015bci abonament ma by\u0107 op\u0142acany razem z rachunkiem za pr\u0105d, b\u0105d\u017a z podatkiem PIT lub CIT. Wszystkie te rozwi\u0105zania s\u0105 obecnie przedmiotem rozwa\u017ca\u0144 pracuj\u0105cych nad ustaw\u0105 komisji sejmowych i senackich, ministerstw oraz KRRiTV. Ustawa powinna zacz\u0105\u0107 obowi\u0105zywa\u0107 za 2-3 lata. Obecnie abonament p\u0142aci mniej ni\u017c po\u0142owa posiadaczy odbiornik\u00f3w, nie ma jednak prawnych mo\u017cliwo\u015bci wyegzekwowania ani abonamentu ani kary za jego niep\u0142acenie.    <\/p>\n<p><a href=\"http:\/\/b-borusewicz.pl\/index.cgi?action=16&amp;dir=\/021Nowa%20ustawa%20abonamentowa\/\">Zapraszamy  do galerii zdj\u0119\u0107<\/a>\n<\/div>\n<\/div>\n","protected":false},"excerpt":{"rendered":"<p>W siedzibie Radia Gda\u0144sk odby\u0142a si\u0119 konferencja dotycz\u0105ca nowej ustawy abonamentowej. W dyskusji uczestniczyli: marsza\u0142ek Senatu Bogdan Borusewicz, senator Krystyna Bochenek, przewodnicz\u0105ca Senackiej Komisji Kultury i \u015arodk\u00f3w Przekazu, cz\u0142onek Krajowej Rady Radiofonii i Telewizji Witold Ko\u0142odziejski oraz przedstawiciele wszystkich regionalnych rozg\u0142o\u015bni Polskiego Radia. <\/p>\n","protected":false},"author":1,"featured_media":1849,"comment_status":"open","ping_status":"open","sticky":false,"template":"","format":"standard","meta":[],"categories":[2,4],"tags":[],"_links":{"self":[{"href":"http:\/\/b-borusewicz.pl\/index.php\/wp-json\/wp\/v2\/posts\/1508"}],"collection":[{"href":"http:\/\/b-borusewicz.pl\/index.php\/wp-json\/wp\/v2\/posts"}],"about":[{"href":"http:\/\/b-borusewicz.pl\/index.php\/wp-json\/wp\/v2\/types\/post"}],"author":[{"embeddable":true,"href":"http:\/\/b-borusewicz.pl\/index.php\/wp-json\/wp\/v2\/users\/1"}],"replies":[{"embeddable":true,"href":"http:\/\/b-borusewicz.pl\/index.php\/wp-json\/wp\/v2\/comments?post=1508"}],"version-history":[{"count":1,"href":"http:\/\/b-borusewicz.pl\/index.php\/wp-json\/wp\/v2\/posts\/1508\/revisions"}],"predecessor-version":[{"id":1850,"href":"http:\/\/b-borusewicz.pl\/index.php\/wp-json\/wp\/v2\/posts\/1508\/revisions\/1850"}],"wp:featuredmedia":[{"embeddable":true,"href":"http:\/\/b-borusewicz.pl\/index.php\/wp-json\/wp\/v2\/media\/1849"}],"wp:attachment":[{"href":"http:\/\/b-borusewicz.pl\/index.php\/wp-json\/wp\/v2\/media?parent=1508"}],"wp:term":[{"taxonomy":"category","embeddable":true,"href":"http:\/\/b-borusewicz.pl\/index.php\/wp-json\/wp\/v2\/categories?post=1508"},{"taxonomy":"post_tag","embeddable":true,"href":"http:\/\/b-borusewicz.pl\/index.php\/wp-json\/wp\/v2\/tags?post=1508"}],"curies":[{"name":"wp","href":"https:\/\/api.w.org\/{rel}","templated":true}]}}