{"id":1494,"date":"2007-02-02T00:00:00","date_gmt":"2007-02-02T00:00:00","guid":{"rendered":"http:\/\/b.borusewicz.pl\/index.php\/2007\/02\/02\/obchody-roku-jezyka-polskiego-na-kociewiu\/"},"modified":"2016-10-26T12:48:01","modified_gmt":"2016-10-26T12:48:01","slug":"obchody-roku-jezyka-polskiego-na-kociewiu","status":"publish","type":"post","link":"http:\/\/b-borusewicz.pl\/index.php\/2007\/02\/02\/obchody-roku-jezyka-polskiego-na-kociewiu\/","title":{"rendered":"Obchody Roku J\u0119zyka Polskiego na Kociewiu."},"content":{"rendered":"<p>W Starogardzie Gda\u0144skim odby\u0142a si\u0119 uroczysta Gala Laureat\u00f3w Regionalnych Obchod\u00f3w Roku J\u0119zyka Polskiego. Jednym z go\u015bci imprezy by\u0142 marsza\u0142ek Senatu RP Bogdan Borusewicz, kt\u00f3ry r\u00f3wnie\u017c ufundowa\u0142 i wr\u0119czy\u0142 dwie spo\u015br\u00f3d nagr\u00f3d.<!--more--><\/p>\n<div id=\"Zawartosc\"><img src=\"http:\/\/b.borusewicz.pl\/wp-content\/uploads\/2007\/02\/w_108_medium.jpeg\" border=\"0\" class=\"ikona\"\/><\/p>\n<div class=\"Zajawka\"><\/div>\n<div class=\"Tresc\">Powo\u0142any przez grup\u0119 13 nauczycielek na czele z Pani\u0105 Teres\u0105 Jankowsk\u0105 Komitet Obchod\u00f3w Roku J\u0119zyka Polskiego zorganizowa\u0142 cztery konkursy: literacki, krasom\u00f3wczy ?O z\u0142otego Prometeusza?, powiatowy konkurs wiedzy o literaturze regionu oraz poetycko ? fotograficzny. R\u00f3wnolegle odby\u0142y si\u0119 jeszcze konkurs plastyczny i konkurs na rymowanki.  W sumie w obchodach wzi\u0119\u0142o udzia\u0142  ponad 300 uczni\u00f3w ze szk\u00f3\u0142 podstawowych, gimnazj\u00f3w i lice\u00f3w z ca\u0142ego terenu powiatu Starogardzkiego. Z po\u015br\u00f3d 51 prac nades\u0142anych na konkurs literacki, 23 zosta\u0142y przes\u0142ane na og\u00f3lnopolski Internetowy Konkurs J\u0119zykowy dla M\u0142odzie\u017cy organizowany przez Kancelari\u0119 Senatu.<\/p>\n<p>Zapraszamy do <a href=\"index.cgi%3Faction=16&amp;dir=%252F010Obchody%2520Roku%2520J%25EAzyka%2520Polskiego%2520na%2520Kociewiu%252F.html\">galerii  zdj\u0119\u0107<\/a><\/div>\n<\/div>\n","protected":false},"excerpt":{"rendered":"<p>W Starogardzie Gda\u0144skim odby\u0142a si\u0119 uroczysta Gala Laureat\u00f3w Regionalnych Obchod\u00f3w Roku J\u0119zyka Polskiego. Jednym z go\u015bci imprezy by\u0142 marsza\u0142ek Senatu RP Bogdan Borusewicz, kt\u00f3ry r\u00f3wnie\u017c ufundowa\u0142 i wr\u0119czy\u0142 dwie spo\u015br\u00f3d nagr\u00f3d.<\/p>\n","protected":false},"author":1,"featured_media":0,"comment_status":"open","ping_status":"open","sticky":false,"template":"","format":"standard","meta":[],"categories":[2,4],"tags":[],"_links":{"self":[{"href":"http:\/\/b-borusewicz.pl\/index.php\/wp-json\/wp\/v2\/posts\/1494"}],"collection":[{"href":"http:\/\/b-borusewicz.pl\/index.php\/wp-json\/wp\/v2\/posts"}],"about":[{"href":"http:\/\/b-borusewicz.pl\/index.php\/wp-json\/wp\/v2\/types\/post"}],"author":[{"embeddable":true,"href":"http:\/\/b-borusewicz.pl\/index.php\/wp-json\/wp\/v2\/users\/1"}],"replies":[{"embeddable":true,"href":"http:\/\/b-borusewicz.pl\/index.php\/wp-json\/wp\/v2\/comments?post=1494"}],"version-history":[{"count":1,"href":"http:\/\/b-borusewicz.pl\/index.php\/wp-json\/wp\/v2\/posts\/1494\/revisions"}],"predecessor-version":[{"id":1836,"href":"http:\/\/b-borusewicz.pl\/index.php\/wp-json\/wp\/v2\/posts\/1494\/revisions\/1836"}],"wp:attachment":[{"href":"http:\/\/b-borusewicz.pl\/index.php\/wp-json\/wp\/v2\/media?parent=1494"}],"wp:term":[{"taxonomy":"category","embeddable":true,"href":"http:\/\/b-borusewicz.pl\/index.php\/wp-json\/wp\/v2\/categories?post=1494"},{"taxonomy":"post_tag","embeddable":true,"href":"http:\/\/b-borusewicz.pl\/index.php\/wp-json\/wp\/v2\/tags?post=1494"}],"curies":[{"name":"wp","href":"https:\/\/api.w.org\/{rel}","templated":true}]}}