{"id":142,"date":"2015-09-21T22:17:50","date_gmt":"2015-09-21T22:17:50","guid":{"rendered":"http:\/\/b.borusewicz.pl\/?p=142"},"modified":"2015-11-04T10:31:11","modified_gmt":"2015-11-04T10:31:11","slug":"do","status":"publish","type":"post","link":"http:\/\/b-borusewicz.pl\/index.php\/2015\/09\/21\/do\/","title":{"rendered":"Do\u015bwiadczenie i przysz\u0142o\u015b\u0107"},"content":{"rendered":"<p><a href=\"http:\/\/b.borusewicz.pl\/wp-content\/uploads\/2015\/09\/poczt\u00f3wka-Borusewicz-b-001.jpg\" data-rel=\"lightbox-image-0\" data-rl_title=\"\" data-rl_caption=\"\" title=\"\"><img loading=\"lazy\" class=\" wp-image-888 alignright\" src=\"http:\/\/b.borusewicz.pl\/wp-content\/uploads\/2015\/09\/poczt\u00f3wka-Borusewicz-b-001-1024x730.jpg\" alt=\"poczt\u00f3wka - Borusewicz-b-001\" width=\"505\" height=\"360\" srcset=\"http:\/\/b-borusewicz.pl\/wp-content\/uploads\/2015\/09\/poczt\u00f3wka-Borusewicz-b-001-1024x730.jpg 1024w, http:\/\/b-borusewicz.pl\/wp-content\/uploads\/2015\/09\/poczt\u00f3wka-Borusewicz-b-001-300x214.jpg 300w, http:\/\/b-borusewicz.pl\/wp-content\/uploads\/2015\/09\/poczt\u00f3wka-Borusewicz-b-001.jpg 1774w\" sizes=\"(max-width: 505px) 100vw, 505px\" \/><\/a>Byli\u015bmy \u015bwiadkami niez\u0142omnej postawy Bogdana Borusewicza w walce z systemem komunistycznym. Bogdan by\u0142 jednym z prekursor\u00f3w opozycji demokratycznej na Wybrze\u017cu, inicjatorem strajku w Stoczni Gda\u0144skiej w sierpniu 1980 roku i niestrudzonym dzia\u0142aczem podziemnej ?Solidarno\u015bci? po wprowadzeniu stanu wojennego. Za swoj\u0105 postaw\u0119 p\u0142aci\u0142 wi\u0119zieniem i latami poniewierki.<\/p>\n<p>W wolnej Polsce, jako dzia\u0142acz ?Solidarno\u015bci?, a nast\u0119pnie polityk kierowa\u0142 si\u0119 dobrem kraju, pozostaj\u0105c cz\u0142owiekiem prawym i bezinteresownym. Wysoko oceniamy jego dzia\u0142alno\u015b\u0107 na stanowisku marsza\u0142ka Senatu. Uwa\u017camy, \u017ce nadal powinien s\u0142u\u017cy\u0107 Polsce.<\/p>\n<p>Dlatego z pe\u0142nym przekonaniem popieramy Jego kandydatur\u0119 w nadchodz\u0105cych wyborach do Senatu i zach\u0119camy mieszka\u0144c\u00f3w naszego regionu do oddania g\u0142os\u00f3w na Bogdana Borusewicza 25 pa\u017adziernika 2015 roku.<\/p>\n<p><em>Krzysztof Dowgia\u0142\u0142o, Bogdan Felski, Aleksander Hall, Olga Krzy\u017canowska, Magda Modzelewska-Rybicka, J\u00f3zef Przybylski, Bo\u017cena Rybicka, Miros\u0142aw Rybicki, Jacek Taylor<\/em><\/p>\n","protected":false},"excerpt":{"rendered":"<p>Byli\u015bmy \u015bwiadkami niez\u0142omnej postawy Bogdana Borusewicza w walce z systemem komunistycznym. Bogdan by\u0142 jednym z prekursor\u00f3w opozycji demokratycznej na Wybrze\u017cu, inicjatorem strajku w Stoczni Gda\u0144skiej w sierpniu 1980 roku i niestrudzonym dzia\u0142aczem podziemnej ?Solidarno\u015bci?&#46;&#46;&#46;<\/p>\n","protected":false},"author":1,"featured_media":888,"comment_status":"open","ping_status":"open","sticky":false,"template":"","format":"standard","meta":[],"categories":[9],"tags":[16,15,13],"_links":{"self":[{"href":"http:\/\/b-borusewicz.pl\/index.php\/wp-json\/wp\/v2\/posts\/142"}],"collection":[{"href":"http:\/\/b-borusewicz.pl\/index.php\/wp-json\/wp\/v2\/posts"}],"about":[{"href":"http:\/\/b-borusewicz.pl\/index.php\/wp-json\/wp\/v2\/types\/post"}],"author":[{"embeddable":true,"href":"http:\/\/b-borusewicz.pl\/index.php\/wp-json\/wp\/v2\/users\/1"}],"replies":[{"embeddable":true,"href":"http:\/\/b-borusewicz.pl\/index.php\/wp-json\/wp\/v2\/comments?post=142"}],"version-history":[{"count":17,"href":"http:\/\/b-borusewicz.pl\/index.php\/wp-json\/wp\/v2\/posts\/142\/revisions"}],"predecessor-version":[{"id":891,"href":"http:\/\/b-borusewicz.pl\/index.php\/wp-json\/wp\/v2\/posts\/142\/revisions\/891"}],"wp:featuredmedia":[{"embeddable":true,"href":"http:\/\/b-borusewicz.pl\/index.php\/wp-json\/wp\/v2\/media\/888"}],"wp:attachment":[{"href":"http:\/\/b-borusewicz.pl\/index.php\/wp-json\/wp\/v2\/media?parent=142"}],"wp:term":[{"taxonomy":"category","embeddable":true,"href":"http:\/\/b-borusewicz.pl\/index.php\/wp-json\/wp\/v2\/categories?post=142"},{"taxonomy":"post_tag","embeddable":true,"href":"http:\/\/b-borusewicz.pl\/index.php\/wp-json\/wp\/v2\/tags?post=142"}],"curies":[{"name":"wp","href":"https:\/\/api.w.org\/{rel}","templated":true}]}}