{"id":1151,"date":"2016-05-16T19:05:33","date_gmt":"2016-05-16T19:05:33","guid":{"rendered":"http:\/\/b.borusewicz.pl\/?p=1151"},"modified":"2016-05-25T19:11:42","modified_gmt":"2016-05-25T19:11:42","slug":"na-konferencji-europa-w-obliczu-aktualnych-wyzwan","status":"publish","type":"post","link":"http:\/\/b-borusewicz.pl\/index.php\/2016\/05\/16\/na-konferencji-europa-w-obliczu-aktualnych-wyzwan\/","title":{"rendered":"Na konferencji &#8222;Europa w obliczu aktualnych wyzwa\u0144&#8221;"},"content":{"rendered":"<p><a href=\"http:\/\/b.borusewicz.pl\/wp-content\/uploads\/2016\/05\/IMG_0637.jpg\" data-rel=\"lightbox-image-0\" data-rl_title=\"\" data-rl_caption=\"\" title=\"\"><img loading=\"lazy\" class=\"aligncenter size-large wp-image-1152\" src=\"http:\/\/b.borusewicz.pl\/wp-content\/uploads\/2016\/05\/IMG_0637-1024x683.jpg\" alt=\"IMG_0637\" width=\"720\" height=\"480\" srcset=\"http:\/\/b-borusewicz.pl\/wp-content\/uploads\/2016\/05\/IMG_0637-1024x683.jpg 1024w, http:\/\/b-borusewicz.pl\/wp-content\/uploads\/2016\/05\/IMG_0637-300x200.jpg 300w, http:\/\/b-borusewicz.pl\/wp-content\/uploads\/2016\/05\/IMG_0637.jpg 2000w\" sizes=\"(max-width: 720px) 100vw, 720px\" \/><\/a><\/p>\n<p>W poniedzia\u0142ek 16 maja w ramach obchod\u00f3w Dnia Europy O\u015brodek Bada\u0144 Integracji Europejskiej wsp\u00f3lnie z Wydzia\u0142em Ekonomicznym Uniwersytetu Gda\u0144skiego zorganizowa\u0142 konferencj\u0119 &#8222;Europa w obliczu aktualnych wyzwa\u0144&#8221;. Odby\u0142a si\u0119 ona pod patronatem europos\u0142a Jaros\u0142awa Wa\u0142\u0119sy. Wskazano na obecne i przysz\u0142e zagro\u017cenia dla bezpiecze\u0144stwa Europy i poszczeg\u00f3lnych pa\u0144stw, w tym Polski &#8211; w r\u00f3\u017cnych jego wymiarach (mowa by\u0142 m.in. o kryzysie migracyjnym, pomocy UE w sprawie Grecji czy wyj\u015bciu<span class=\"text_exposed_show\"> Anglii ze wsp\u00f3lnoty). W jej trakcie og\u0142oszono wyniki XIII edycji konkursu ?Polska w Unii? oraz Gala Dnia Europy. W konkursie wzi\u0119\u0142o udzia\u0142 110 uczni\u00f3w z 51 szk\u00f3\u0142. Do fina\u0142u przesz\u0142o trzynastu najlepszych. Wszyscy uczestnicy II etapu otrzymali dyplomy i drobne upominki. Tr\u00f3jka najlepszych, na zaproszenie Jaros\u0142awa Wa\u0142\u0119sy, wyjedzie do siedziby Parlamentu Europejskiego.<br \/>\nWicemarsza\u0142ek Senatu RP namawia\u0142 m\u0142odzie\u017c do odwa\u017cnego wchodzenia w Europ\u0119 i jej sprawy. Przekonywa\u0142, \u017ce Unia Europejska jest nasz\u0105 szans\u0105 a nie zagro\u017ceniem.<br \/>\nZdj\u0119cie dzi\u0119ki uprzejmo\u015bci Wydzia\u0142u Ekonomicznego UG<\/span><\/p>\n","protected":false},"excerpt":{"rendered":"<p>W poniedzia\u0142ek 16 maja w ramach obchod\u00f3w Dnia Europy O\u015brodek Bada\u0144 Integracji Europejskiej wsp\u00f3lnie z Wydzia\u0142em Ekonomicznym Uniwersytetu Gda\u0144skiego zorganizowa\u0142 konferencj\u0119 &#8222;Europa w obliczu aktualnych wyzwa\u0144&#8221;. Odby\u0142a si\u0119 ona pod patronatem europos\u0142a Jaros\u0142awa Wa\u0142\u0119sy.&#46;&#46;&#46;<\/p>\n","protected":false},"author":1,"featured_media":1152,"comment_status":"open","ping_status":"open","sticky":false,"template":"","format":"standard","meta":[],"categories":[9],"tags":[101,149],"_links":{"self":[{"href":"http:\/\/b-borusewicz.pl\/index.php\/wp-json\/wp\/v2\/posts\/1151"}],"collection":[{"href":"http:\/\/b-borusewicz.pl\/index.php\/wp-json\/wp\/v2\/posts"}],"about":[{"href":"http:\/\/b-borusewicz.pl\/index.php\/wp-json\/wp\/v2\/types\/post"}],"author":[{"embeddable":true,"href":"http:\/\/b-borusewicz.pl\/index.php\/wp-json\/wp\/v2\/users\/1"}],"replies":[{"embeddable":true,"href":"http:\/\/b-borusewicz.pl\/index.php\/wp-json\/wp\/v2\/comments?post=1151"}],"version-history":[{"count":1,"href":"http:\/\/b-borusewicz.pl\/index.php\/wp-json\/wp\/v2\/posts\/1151\/revisions"}],"predecessor-version":[{"id":1153,"href":"http:\/\/b-borusewicz.pl\/index.php\/wp-json\/wp\/v2\/posts\/1151\/revisions\/1153"}],"wp:featuredmedia":[{"embeddable":true,"href":"http:\/\/b-borusewicz.pl\/index.php\/wp-json\/wp\/v2\/media\/1152"}],"wp:attachment":[{"href":"http:\/\/b-borusewicz.pl\/index.php\/wp-json\/wp\/v2\/media?parent=1151"}],"wp:term":[{"taxonomy":"category","embeddable":true,"href":"http:\/\/b-borusewicz.pl\/index.php\/wp-json\/wp\/v2\/categories?post=1151"},{"taxonomy":"post_tag","embeddable":true,"href":"http:\/\/b-borusewicz.pl\/index.php\/wp-json\/wp\/v2\/tags?post=1151"}],"curies":[{"name":"wp","href":"https:\/\/api.w.org\/{rel}","templated":true}]}}