{"id":1046,"date":"2015-11-12T16:43:46","date_gmt":"2015-11-12T16:43:46","guid":{"rendered":"http:\/\/b.borusewicz.pl\/?p=1046"},"modified":"2015-11-13T16:54:23","modified_gmt":"2015-11-13T16:54:23","slug":"bogdan-borusewicz-wicemarszalkiem-senatu-rp","status":"publish","type":"post","link":"http:\/\/b-borusewicz.pl\/index.php\/2015\/11\/12\/bogdan-borusewicz-wicemarszalkiem-senatu-rp\/","title":{"rendered":"Bogdan Borusewicz wicemarsza\u0142kiem Senatu RP"},"content":{"rendered":"<p><strong>12 listopada 2015 r. senat zebra\u0142 si\u0119 na pierwszym posiedzeniu IX kadencji. Posiedzenie to zwo\u0142a\u0142 i otworzy\u0142 prezydent \u00a0Andrzej Duda.<\/strong><\/p>\n<p>Inauguracyjne obrady Izby poprowadzi\u0142 marsza\u0142ek senior Micha\u0142 Sewery\u0144ski. Prezydent RP na marsza\u0142ka seniora wyznaczy\u0142 senator Barbar\u0119 Borys-Dami\u0119ck\u0105. Jednak ze wzgl\u0119du na stan zdrowia nie mog\u0142a ona przewodniczy\u0107 posiedzeniu. W zwi\u0105zku z tym obowi\u0105zki marsza\u0142ka seniora pe\u0142ni\u0142 senator Sewery\u0144ski.\u00a0Marsza\u0142ek senior z\u0142o\u017cy\u0142 \u015blubowanie oraz powo\u0142a\u0142 spo\u015br\u00f3d najm\u0142odszych wiekiem senator\u00f3w trzech sekretarzy pierwszego posiedzenia. Przy ich pomocy odebra\u0142 \u00a0\u015blubowanie od senator\u00f3w obecnych na posiedzeniu. Nast\u0119pnie zosta\u0142 przeprowadzony wyb\u00f3r marsza\u0142ka Senatu, kt\u00f3rym zosta\u0142 Stanis\u0142aw Karczewski. W tajnym g\u0142osowaniu oddano 97 g\u0142os\u00f3w, w tym wa\u017cnych by\u0142o 95. Za powierzeniem Karczewskiemu funkcji marsza\u0142ka Senatu opowiedzia\u0142o si\u0119 93 senator\u00f3w, 1 by\u0142 przeciw, 1 wstrzyma\u0142 si\u0119 od g\u0142osu. Kolejnym punktem porz\u0105dku obrad pierwszego posiedzenia by\u0142y wybory wicemarsza\u0142k\u00f3w Senatu. Zostali nimi Adam Bielan, \u00a0Grzegorz Czelej, Maria Koc (reprezentuj\u0105cy Komitet Wyborczy Prawo i Sprawiedliwo\u015b\u0107) oraz Bogdan Borusewicz (Komitet Wyborczy Platforma Obywatelska). W g\u0142osowaniu tajnym uzyskali oni odpowiednio: Bielan ? 70 g\u0142os\u00f3w, Czelej &#8211; 86, Koc ? 78 i Borusewicz ? 72.<\/p>\n<p>Na pierwsze posiedzenie IX kadencji do Senatu przybyli m.in. marsza\u0142kowie Senatu poprzednich kadencji Alicja Grze\u015bkowiak i Longin Pastusiak, marsza\u0142ek Sejmu Marek Kuchci\u0144ski, marsza\u0142ek senior Sejmu Kornel Morawiecki, nuncjusz papieski i dziekan korpusu dyplomatycznego Celestino Migliore, przedstawiciele Kancelarii Prezydenta, \u00a0organ\u00f3w pa\u0144stwowych takich jak NIK, RPO, RPD, prezesi s\u0105d\u00f3w i trybuna\u0142\u00f3w.<\/p>\n<p>W wyborach do Senatu 25 pa\u017adziernika Prawo i Sprawiedliwo\u015b\u0107 zdoby\u0142o 61 mandat\u00f3w, Platforma Obywatelska &#8211; 34 mandaty a Polskie Stronnictwo Ludowe &#8211; jeden mandat. W Senacie zasi\u0105dzie te\u017c czworo senator\u00f3w niezale\u017cnych.<\/p>\n\n\t\t<style type=\"text\/css\">\n\t\t\t#gallery-1 {\n\t\t\t\tmargin: auto;\n\t\t\t}\n\t\t\t#gallery-1 .gallery-item {\n\t\t\t\tfloat: left;\n\t\t\t\tmargin-top: 10px;\n\t\t\t\ttext-align: center;\n\t\t\t\twidth: 33%;\n\t\t\t}\n\t\t\t#gallery-1 img {\n\t\t\t\tborder: 2px solid #cfcfcf;\n\t\t\t}\n\t\t\t#gallery-1 .gallery-caption {\n\t\t\t\tmargin-left: 0;\n\t\t\t}\n\t\t\t\/* see gallery_shortcode() in wp-includes\/media.php *\/\n\t\t<\/style>\n\t\t<div id='gallery-1' class='gallery galleryid-1046 gallery-columns-3 gallery-size-medium'><dl class='gallery-item'>\n\t\t\t<dt class='gallery-icon landscape'>\n\t\t\t\t<a href='http:\/\/b-borusewicz.pl\/wp-content\/uploads\/2015\/11\/IMGL3215.jpg' title=\"\" data-rl_title=\"\" class=\"rl-gallery-link\" data-rl_caption=\"\" data-rel=\"lightbox-gallery-1\"><img width=\"300\" height=\"200\" src=\"http:\/\/b-borusewicz.pl\/wp-content\/uploads\/2015\/11\/IMGL3215-300x200.jpg\" class=\"attachment-medium size-medium\" alt=\"\" loading=\"lazy\" srcset=\"http:\/\/b-borusewicz.pl\/wp-content\/uploads\/2015\/11\/IMGL3215-300x200.jpg 300w, http:\/\/b-borusewicz.pl\/wp-content\/uploads\/2015\/11\/IMGL3215-1024x683.jpg 1024w, http:\/\/b-borusewicz.pl\/wp-content\/uploads\/2015\/11\/IMGL3215.jpg 2048w\" sizes=\"(max-width: 300px) 100vw, 300px\" \/><\/a>\n\t\t\t<\/dt><\/dl><dl class='gallery-item'>\n\t\t\t<dt class='gallery-icon landscape'>\n\t\t\t\t<a href='http:\/\/b-borusewicz.pl\/wp-content\/uploads\/2015\/11\/IMGL3499.jpg' title=\"\" data-rl_title=\"\" class=\"rl-gallery-link\" data-rl_caption=\"\" data-rel=\"lightbox-gallery-1\"><img width=\"300\" height=\"200\" src=\"http:\/\/b-borusewicz.pl\/wp-content\/uploads\/2015\/11\/IMGL3499-300x200.jpg\" class=\"attachment-medium size-medium\" alt=\"\" loading=\"lazy\" srcset=\"http:\/\/b-borusewicz.pl\/wp-content\/uploads\/2015\/11\/IMGL3499-300x200.jpg 300w, http:\/\/b-borusewicz.pl\/wp-content\/uploads\/2015\/11\/IMGL3499-1024x683.jpg 1024w, http:\/\/b-borusewicz.pl\/wp-content\/uploads\/2015\/11\/IMGL3499.jpg 2048w\" sizes=\"(max-width: 300px) 100vw, 300px\" \/><\/a>\n\t\t\t<\/dt><\/dl><dl class='gallery-item'>\n\t\t\t<dt class='gallery-icon landscape'>\n\t\t\t\t<a href='http:\/\/b-borusewicz.pl\/wp-content\/uploads\/2015\/11\/22347700224_b4a16f89a8_o.jpg' title=\"\" data-rl_title=\"\" class=\"rl-gallery-link\" data-rl_caption=\"\" data-rel=\"lightbox-gallery-1\"><img width=\"300\" height=\"199\" src=\"http:\/\/b-borusewicz.pl\/wp-content\/uploads\/2015\/11\/22347700224_b4a16f89a8_o-300x199.jpg\" class=\"attachment-medium size-medium\" alt=\"\" loading=\"lazy\" srcset=\"http:\/\/b-borusewicz.pl\/wp-content\/uploads\/2015\/11\/22347700224_b4a16f89a8_o-300x199.jpg 300w, http:\/\/b-borusewicz.pl\/wp-content\/uploads\/2015\/11\/22347700224_b4a16f89a8_o-1024x679.jpg 1024w, http:\/\/b-borusewicz.pl\/wp-content\/uploads\/2015\/11\/22347700224_b4a16f89a8_o.jpg 2048w\" sizes=\"(max-width: 300px) 100vw, 300px\" \/><\/a>\n\t\t\t<\/dt><\/dl><br style=\"clear: both\" \/><dl class='gallery-item'>\n\t\t\t<dt class='gallery-icon landscape'>\n\t\t\t\t<a href='http:\/\/b-borusewicz.pl\/wp-content\/uploads\/2015\/11\/IMGL1745KC-Borusewicz.jpg' title=\"\" data-rl_title=\"\" class=\"rl-gallery-link\" data-rl_caption=\"\" data-rel=\"lightbox-gallery-1\"><img width=\"300\" height=\"200\" src=\"http:\/\/b-borusewicz.pl\/wp-content\/uploads\/2015\/11\/IMGL1745KC-Borusewicz-300x200.jpg\" class=\"attachment-medium size-medium\" alt=\"\" loading=\"lazy\" srcset=\"http:\/\/b-borusewicz.pl\/wp-content\/uploads\/2015\/11\/IMGL1745KC-Borusewicz-300x200.jpg 300w, http:\/\/b-borusewicz.pl\/wp-content\/uploads\/2015\/11\/IMGL1745KC-Borusewicz-1024x683.jpg 1024w, http:\/\/b-borusewicz.pl\/wp-content\/uploads\/2015\/11\/IMGL1745KC-Borusewicz.jpg 2048w\" sizes=\"(max-width: 300px) 100vw, 300px\" \/><\/a>\n\t\t\t<\/dt><\/dl><dl class='gallery-item'>\n\t\t\t<dt class='gallery-icon landscape'>\n\t\t\t\t<a href='http:\/\/b-borusewicz.pl\/wp-content\/uploads\/2015\/11\/IMGL5102.jpg' title=\"\" data-rl_title=\"\" class=\"rl-gallery-link\" data-rl_caption=\"\" data-rel=\"lightbox-gallery-1\"><img width=\"300\" height=\"195\" src=\"http:\/\/b-borusewicz.pl\/wp-content\/uploads\/2015\/11\/IMGL5102-300x195.jpg\" class=\"attachment-medium size-medium\" alt=\"\" loading=\"lazy\" srcset=\"http:\/\/b-borusewicz.pl\/wp-content\/uploads\/2015\/11\/IMGL5102-300x195.jpg 300w, http:\/\/b-borusewicz.pl\/wp-content\/uploads\/2015\/11\/IMGL5102-1024x667.jpg 1024w, http:\/\/b-borusewicz.pl\/wp-content\/uploads\/2015\/11\/IMGL5102.jpg 2048w\" sizes=\"(max-width: 300px) 100vw, 300px\" \/><\/a>\n\t\t\t<\/dt><\/dl><dl class='gallery-item'>\n\t\t\t<dt class='gallery-icon landscape'>\n\t\t\t\t<a href='http:\/\/b-borusewicz.pl\/wp-content\/uploads\/2015\/11\/IMGL5108-Copy.jpg' title=\"\" data-rl_title=\"\" class=\"rl-gallery-link\" data-rl_caption=\"\" data-rel=\"lightbox-gallery-1\"><img width=\"300\" height=\"201\" src=\"http:\/\/b-borusewicz.pl\/wp-content\/uploads\/2015\/11\/IMGL5108-Copy-300x201.jpg\" class=\"attachment-medium size-medium\" alt=\"\" loading=\"lazy\" srcset=\"http:\/\/b-borusewicz.pl\/wp-content\/uploads\/2015\/11\/IMGL5108-Copy-300x201.jpg 300w, http:\/\/b-borusewicz.pl\/wp-content\/uploads\/2015\/11\/IMGL5108-Copy-1024x688.jpg 1024w, http:\/\/b-borusewicz.pl\/wp-content\/uploads\/2015\/11\/IMGL5108-Copy.jpg 2048w\" sizes=\"(max-width: 300px) 100vw, 300px\" \/><\/a>\n\t\t\t<\/dt><\/dl><br style=\"clear: both\" \/>\n\t\t<\/div>\n\n","protected":false},"excerpt":{"rendered":"<p>12 listopada 2015 r. senat zebra\u0142 si\u0119 na pierwszym posiedzeniu IX kadencji. Posiedzenie to zwo\u0142a\u0142 i otworzy\u0142 prezydent \u00a0Andrzej Duda. Inauguracyjne obrady Izby poprowadzi\u0142 marsza\u0142ek senior Micha\u0142 Sewery\u0144ski. Prezydent RP na marsza\u0142ka seniora wyznaczy\u0142&#46;&#46;&#46;<\/p>\n","protected":false},"author":1,"featured_media":1047,"comment_status":"open","ping_status":"open","sticky":false,"template":"","format":"standard","meta":[],"categories":[9],"tags":[210,15,209],"_links":{"self":[{"href":"http:\/\/b-borusewicz.pl\/index.php\/wp-json\/wp\/v2\/posts\/1046"}],"collection":[{"href":"http:\/\/b-borusewicz.pl\/index.php\/wp-json\/wp\/v2\/posts"}],"about":[{"href":"http:\/\/b-borusewicz.pl\/index.php\/wp-json\/wp\/v2\/types\/post"}],"author":[{"embeddable":true,"href":"http:\/\/b-borusewicz.pl\/index.php\/wp-json\/wp\/v2\/users\/1"}],"replies":[{"embeddable":true,"href":"http:\/\/b-borusewicz.pl\/index.php\/wp-json\/wp\/v2\/comments?post=1046"}],"version-history":[{"count":1,"href":"http:\/\/b-borusewicz.pl\/index.php\/wp-json\/wp\/v2\/posts\/1046\/revisions"}],"predecessor-version":[{"id":1053,"href":"http:\/\/b-borusewicz.pl\/index.php\/wp-json\/wp\/v2\/posts\/1046\/revisions\/1053"}],"wp:featuredmedia":[{"embeddable":true,"href":"http:\/\/b-borusewicz.pl\/index.php\/wp-json\/wp\/v2\/media\/1047"}],"wp:attachment":[{"href":"http:\/\/b-borusewicz.pl\/index.php\/wp-json\/wp\/v2\/media?parent=1046"}],"wp:term":[{"taxonomy":"category","embeddable":true,"href":"http:\/\/b-borusewicz.pl\/index.php\/wp-json\/wp\/v2\/categories?post=1046"},{"taxonomy":"post_tag","embeddable":true,"href":"http:\/\/b-borusewicz.pl\/index.php\/wp-json\/wp\/v2\/tags?post=1046"}],"curies":[{"name":"wp","href":"https:\/\/api.w.org\/{rel}","templated":true}]}}