{"id":101,"date":"2015-08-31T11:41:24","date_gmt":"2015-08-31T11:41:24","guid":{"rendered":"http:\/\/b.borusewicz.pl\/?p=101"},"modified":"2015-09-16T02:36:41","modified_gmt":"2015-09-16T02:36:41","slug":"35-rocznica-podpisania-porozumien-sierpniowych","status":"publish","type":"post","link":"http:\/\/b-borusewicz.pl\/index.php\/2015\/08\/31\/35-rocznica-podpisania-porozumien-sierpniowych\/","title":{"rendered":"35 rocznica podpisania porozumie\u0144 sierpniowych."},"content":{"rendered":"<p>Marsza\u0142ek Bogdan Borusewicz z\u0142o\u017cy\u0142 kwiaty pod Pomnikiem Poleg\u0142ych Stoczniowc\u00f3w oraz uczestniczy\u0142 w uroczystym ods\u0142oni\u0119ciu makiety przedstawiaj\u0105cej pomnik oraz plac Solidarno\u015bci z zabudow\u0105. Makieta pomnika powsta\u0142a w ramach akcji ?Zobaczy\u0107 \u015awiat R\u0119kami?, dzi\u0119ki po\u0142\u0105czonym si\u0142om Rotary Club Gda\u0144sk-Sopot-Gdynia i Lions Club Gedania Gda\u0144sk.W tej cz\u0119\u015bci uroczysto\u015bci wzi\u0119li udzia\u0142 niewidomi oraz uczestnicy strajk\u00f3w sierpniowych 1980 roku. Nast\u0119pnie Bogdan Borusewicz uczestniczy\u0142 w otwarciu 28. Zgromadzenia Og\u00f3lnego \u015awiatowej Federacji Weteran\u00f3w.<\/p>\n<div class=\"Tresc\">\n\n\t\t<style type=\"text\/css\">\n\t\t\t#gallery-1 {\n\t\t\t\tmargin: auto;\n\t\t\t}\n\t\t\t#gallery-1 .gallery-item {\n\t\t\t\tfloat: left;\n\t\t\t\tmargin-top: 10px;\n\t\t\t\ttext-align: center;\n\t\t\t\twidth: 33%;\n\t\t\t}\n\t\t\t#gallery-1 img {\n\t\t\t\tborder: 2px solid #cfcfcf;\n\t\t\t}\n\t\t\t#gallery-1 .gallery-caption {\n\t\t\t\tmargin-left: 0;\n\t\t\t}\n\t\t\t\/* see gallery_shortcode() in wp-includes\/media.php *\/\n\t\t<\/style>\n\t\t<div id='gallery-1' class='gallery galleryid-101 gallery-columns-3 gallery-size-thumbnail'><dl class='gallery-item'>\n\t\t\t<dt class='gallery-icon landscape'>\n\t\t\t\t<a href='http:\/\/b-borusewicz.pl\/wp-content\/uploads\/2015\/08\/IS_DSC_1166-1.jpg' title=\"\" data-rl_title=\"\" class=\"rl-gallery-link\" data-rl_caption=\"\" data-rel=\"lightbox-gallery-1\"><img width=\"150\" height=\"150\" src=\"http:\/\/b-borusewicz.pl\/wp-content\/uploads\/2015\/08\/IS_DSC_1166-1-150x150.jpg\" class=\"attachment-thumbnail size-thumbnail\" alt=\"\" loading=\"lazy\" srcset=\"http:\/\/b-borusewicz.pl\/wp-content\/uploads\/2015\/08\/IS_DSC_1166-1-150x150.jpg 150w, http:\/\/b-borusewicz.pl\/wp-content\/uploads\/2015\/08\/IS_DSC_1166-1-160x160.jpg 160w, http:\/\/b-borusewicz.pl\/wp-content\/uploads\/2015\/08\/IS_DSC_1166-1-320x320.jpg 320w\" sizes=\"(max-width: 150px) 100vw, 150px\" \/><\/a>\n\t\t\t<\/dt><\/dl><dl class='gallery-item'>\n\t\t\t<dt class='gallery-icon landscape'>\n\t\t\t\t<a href='http:\/\/b-borusewicz.pl\/wp-content\/uploads\/2015\/08\/IS_DSC_1249-1.jpg' title=\"\" data-rl_title=\"\" class=\"rl-gallery-link\" data-rl_caption=\"\" data-rel=\"lightbox-gallery-1\"><img width=\"150\" height=\"150\" src=\"http:\/\/b-borusewicz.pl\/wp-content\/uploads\/2015\/08\/IS_DSC_1249-1-150x150.jpg\" class=\"attachment-thumbnail size-thumbnail\" alt=\"\" loading=\"lazy\" srcset=\"http:\/\/b-borusewicz.pl\/wp-content\/uploads\/2015\/08\/IS_DSC_1249-1-150x150.jpg 150w, http:\/\/b-borusewicz.pl\/wp-content\/uploads\/2015\/08\/IS_DSC_1249-1-160x160.jpg 160w, http:\/\/b-borusewicz.pl\/wp-content\/uploads\/2015\/08\/IS_DSC_1249-1-320x320.jpg 320w\" sizes=\"(max-width: 150px) 100vw, 150px\" \/><\/a>\n\t\t\t<\/dt><\/dl><dl class='gallery-item'>\n\t\t\t<dt class='gallery-icon landscape'>\n\t\t\t\t<a href='http:\/\/b-borusewicz.pl\/wp-content\/uploads\/2015\/08\/IS_DSC_1256-1.jpg' title=\"\" data-rl_title=\"\" class=\"rl-gallery-link\" data-rl_caption=\"\" data-rel=\"lightbox-gallery-1\"><img width=\"150\" height=\"150\" src=\"http:\/\/b-borusewicz.pl\/wp-content\/uploads\/2015\/08\/IS_DSC_1256-1-150x150.jpg\" class=\"attachment-thumbnail size-thumbnail\" alt=\"\" loading=\"lazy\" srcset=\"http:\/\/b-borusewicz.pl\/wp-content\/uploads\/2015\/08\/IS_DSC_1256-1-150x150.jpg 150w, http:\/\/b-borusewicz.pl\/wp-content\/uploads\/2015\/08\/IS_DSC_1256-1-160x160.jpg 160w, http:\/\/b-borusewicz.pl\/wp-content\/uploads\/2015\/08\/IS_DSC_1256-1-320x320.jpg 320w\" sizes=\"(max-width: 150px) 100vw, 150px\" \/><\/a>\n\t\t\t<\/dt><\/dl><br style=\"clear: both\" \/><dl class='gallery-item'>\n\t\t\t<dt class='gallery-icon landscape'>\n\t\t\t\t<a href='http:\/\/b-borusewicz.pl\/wp-content\/uploads\/2015\/08\/IS_DSC_1167-1.jpg' title=\"\" data-rl_title=\"\" class=\"rl-gallery-link\" data-rl_caption=\"\" data-rel=\"lightbox-gallery-1\"><img width=\"150\" height=\"150\" src=\"http:\/\/b-borusewicz.pl\/wp-content\/uploads\/2015\/08\/IS_DSC_1167-1-150x150.jpg\" class=\"attachment-thumbnail size-thumbnail\" alt=\"\" loading=\"lazy\" srcset=\"http:\/\/b-borusewicz.pl\/wp-content\/uploads\/2015\/08\/IS_DSC_1167-1-150x150.jpg 150w, http:\/\/b-borusewicz.pl\/wp-content\/uploads\/2015\/08\/IS_DSC_1167-1-160x160.jpg 160w, http:\/\/b-borusewicz.pl\/wp-content\/uploads\/2015\/08\/IS_DSC_1167-1-320x320.jpg 320w\" sizes=\"(max-width: 150px) 100vw, 150px\" \/><\/a>\n\t\t\t<\/dt><\/dl><dl class='gallery-item'>\n\t\t\t<dt class='gallery-icon landscape'>\n\t\t\t\t<a href='http:\/\/b-borusewicz.pl\/wp-content\/uploads\/2015\/08\/IS_DSC_1172-1.jpg' title=\"\" data-rl_title=\"\" class=\"rl-gallery-link\" data-rl_caption=\"\" data-rel=\"lightbox-gallery-1\"><img width=\"150\" height=\"150\" src=\"http:\/\/b-borusewicz.pl\/wp-content\/uploads\/2015\/08\/IS_DSC_1172-1-150x150.jpg\" class=\"attachment-thumbnail size-thumbnail\" alt=\"\" loading=\"lazy\" srcset=\"http:\/\/b-borusewicz.pl\/wp-content\/uploads\/2015\/08\/IS_DSC_1172-1-150x150.jpg 150w, http:\/\/b-borusewicz.pl\/wp-content\/uploads\/2015\/08\/IS_DSC_1172-1-160x160.jpg 160w, http:\/\/b-borusewicz.pl\/wp-content\/uploads\/2015\/08\/IS_DSC_1172-1-320x320.jpg 320w\" sizes=\"(max-width: 150px) 100vw, 150px\" \/><\/a>\n\t\t\t<\/dt><\/dl>\n\t\t\t<br style='clear: both' \/>\n\t\t<\/div>\n\n<\/div>\n","protected":false},"excerpt":{"rendered":"<p>Marsza\u0142ek Bogdan Borusewicz z\u0142o\u017cy\u0142 kwiaty pod Pomnikiem Poleg\u0142ych Stoczniowc\u00f3w oraz uczestniczy\u0142 w uroczystym ods\u0142oni\u0119ciu makiety przedstawiaj\u0105cej pomnik oraz plac Solidarno\u015bci z zabudow\u0105. Makieta pomnika powsta\u0142a w ramach akcji ?Zobaczy\u0107 \u015awiat R\u0119kami?, dzi\u0119ki po\u0142\u0105czonym si\u0142om&#46;&#46;&#46;<\/p>\n","protected":false},"author":1,"featured_media":181,"comment_status":"open","ping_status":"open","sticky":false,"template":"","format":"standard","meta":[],"categories":[9],"tags":[27,26,25,28,21,24,18],"_links":{"self":[{"href":"http:\/\/b-borusewicz.pl\/index.php\/wp-json\/wp\/v2\/posts\/101"}],"collection":[{"href":"http:\/\/b-borusewicz.pl\/index.php\/wp-json\/wp\/v2\/posts"}],"about":[{"href":"http:\/\/b-borusewicz.pl\/index.php\/wp-json\/wp\/v2\/types\/post"}],"author":[{"embeddable":true,"href":"http:\/\/b-borusewicz.pl\/index.php\/wp-json\/wp\/v2\/users\/1"}],"replies":[{"embeddable":true,"href":"http:\/\/b-borusewicz.pl\/index.php\/wp-json\/wp\/v2\/comments?post=101"}],"version-history":[{"count":10,"href":"http:\/\/b-borusewicz.pl\/index.php\/wp-json\/wp\/v2\/posts\/101\/revisions"}],"predecessor-version":[{"id":466,"href":"http:\/\/b-borusewicz.pl\/index.php\/wp-json\/wp\/v2\/posts\/101\/revisions\/466"}],"wp:featuredmedia":[{"embeddable":true,"href":"http:\/\/b-borusewicz.pl\/index.php\/wp-json\/wp\/v2\/media\/181"}],"wp:attachment":[{"href":"http:\/\/b-borusewicz.pl\/index.php\/wp-json\/wp\/v2\/media?parent=101"}],"wp:term":[{"taxonomy":"category","embeddable":true,"href":"http:\/\/b-borusewicz.pl\/index.php\/wp-json\/wp\/v2\/categories?post=101"},{"taxonomy":"post_tag","embeddable":true,"href":"http:\/\/b-borusewicz.pl\/index.php\/wp-json\/wp\/v2\/tags?post=101"}],"curies":[{"name":"wp","href":"https:\/\/api.w.org\/{rel}","templated":true}]}}